{"id":12316,"date":"2025-03-24T22:16:33","date_gmt":"2025-03-25T01:16:33","guid":{"rendered":"https:\/\/fmradiocristal.com.ar\/home-1\/?p=12316"},"modified":"2025-03-24T22:16:33","modified_gmt":"2025-03-25T01:16:33","slug":"el-valor-de-las-palabras-55","status":"publish","type":"post","link":"http:\/\/fmradiocristal.com.ar\/home-1\/el-valor-de-las-palabras-55\/","title":{"rendered":"El valor de las palabras"},"content":{"rendered":"<p>El valor de las palabras<\/p>\n<p>Dialogamos con Sandra Nicol\u00e1s, vicepresidenta de Industria de la Confederaci\u00f3n Federal PyME Argentina y presidenta de FECIBA (Federaci\u00f3n Econ\u00f3mica de la Ciudad de Bs. Aires), sobre la situaci\u00f3n de las Pymes.\u00a0\u00bfIndustricidio?<\/p>\n<p><iframe title=\"El valor de las palabras - Programa completo (24\/03\/2025)\" width=\"1200\" height=\"900\" src=\"https:\/\/www.youtube.com\/embed\/ikQmHEYp2Fk?feature=oembed\" frameborder=\"0\" allow=\"accelerometer; autoplay; clipboard-write; encrypted-media; gyroscope; picture-in-picture; web-share\" referrerpolicy=\"strict-origin-when-cross-origin\" allowfullscreen><\/iframe><\/p>\n","protected":false},"excerpt":{"rendered":"<p>El valor de las palabras Dialogamos con Sandra Nicol\u00e1s, vicepresidenta de Industria de la Confederaci\u00f3n Federal PyME Argentina y presidenta de FECIBA (Federaci\u00f3n Econ\u00f3mica de la Ciudad de Bs. Aires), sobre la situaci\u00f3n de las Pymes.\u00a0\u00bfIndustricidio?<\/p>\n","protected":false},"author":3,"featured_media":12317,"comment_status":"open","ping_status":"open","sticky":false,"template":"","format":"standard","meta":{"footnotes":""},"categories":[65,43],"tags":[66],"class_list":["post-12316","post","type-post","status-publish","format-standard","has-post-thumbnail","hentry","category-el-valor-de-las-palabras","category-programas","tag-el-valor-de-la-palabras","have-post-thumb"],"_links":{"self":[{"href":"http:\/\/fmradiocristal.com.ar\/home-1\/wp-json\/wp\/v2\/posts\/12316","targetHints":{"allow":["GET"]}}],"collection":[{"href":"http:\/\/fmradiocristal.com.ar\/home-1\/wp-json\/wp\/v2\/posts"}],"about":[{"href":"http:\/\/fmradiocristal.com.ar\/home-1\/wp-json\/wp\/v2\/types\/post"}],"author":[{"embeddable":true,"href":"http:\/\/fmradiocristal.com.ar\/home-1\/wp-json\/wp\/v2\/users\/3"}],"replies":[{"embeddable":true,"href":"http:\/\/fmradiocristal.com.ar\/home-1\/wp-json\/wp\/v2\/comments?post=12316"}],"version-history":[{"count":1,"href":"http:\/\/fmradiocristal.com.ar\/home-1\/wp-json\/wp\/v2\/posts\/12316\/revisions"}],"predecessor-version":[{"id":12318,"href":"http:\/\/fmradiocristal.com.ar\/home-1\/wp-json\/wp\/v2\/posts\/12316\/revisions\/12318"}],"wp:featuredmedia":[{"embeddable":true,"href":"http:\/\/fmradiocristal.com.ar\/home-1\/wp-json\/wp\/v2\/media\/12317"}],"wp:attachment":[{"href":"http:\/\/fmradiocristal.com.ar\/home-1\/wp-json\/wp\/v2\/media?parent=12316"}],"wp:term":[{"taxonomy":"category","embeddable":true,"href":"http:\/\/fmradiocristal.com.ar\/home-1\/wp-json\/wp\/v2\/categories?post=12316"},{"taxonomy":"post_tag","embeddable":true,"href":"http:\/\/fmradiocristal.com.ar\/home-1\/wp-json\/wp\/v2\/tags?post=12316"}],"curies":[{"name":"wp","href":"https:\/\/api.w.org\/{rel}","templated":true}]}}