{"id":12630,"date":"2025-04-25T18:05:11","date_gmt":"2025-04-25T21:05:11","guid":{"rendered":"https:\/\/fmradiocristal.com.ar\/home-1\/?p=12630"},"modified":"2025-04-25T18:05:11","modified_gmt":"2025-04-25T21:05:11","slug":"ciencia-y-tecnologia-para-el-desarrollo-nacional-6","status":"publish","type":"post","link":"http:\/\/fmradiocristal.com.ar\/home-1\/ciencia-y-tecnologia-para-el-desarrollo-nacional-6\/","title":{"rendered":"Ciencia y tecnolog\u00eda para el desarrollo nacional"},"content":{"rendered":"<p>Ciencia y tecnolog\u00eda para el desarrollo nacional<\/p>\n<p>Homenaje al Papa Francisco. C\u00f3mo \u00e9l ve\u00eda el v\u00ednculo entre el hombre y la ciencia.<\/p>\n<p><iframe title=\"Ciencia y tecnolog\u00eda para el desarrollo nacional - Programa completo (25\/04\/2025)\" width=\"1200\" height=\"900\" src=\"https:\/\/www.youtube.com\/embed\/B7mK69Y01DE?feature=oembed\" frameborder=\"0\" allow=\"accelerometer; autoplay; clipboard-write; encrypted-media; gyroscope; picture-in-picture; web-share\" referrerpolicy=\"strict-origin-when-cross-origin\" allowfullscreen><\/iframe><\/p>\n","protected":false},"excerpt":{"rendered":"<p>Ciencia y tecnolog\u00eda para el desarrollo nacional Homenaje al Papa Francisco. C\u00f3mo \u00e9l ve\u00eda el v\u00ednculo entre el hombre y la ciencia.<\/p>\n","protected":false},"author":3,"featured_media":12631,"comment_status":"open","ping_status":"open","sticky":false,"template":"","format":"standard","meta":{"footnotes":""},"categories":[137,43],"tags":[140],"class_list":["post-12630","post","type-post","status-publish","format-standard","has-post-thumbnail","hentry","category-ciencia-y-tecnologia","category-programas","tag-ciencia-y-tecnologia","have-post-thumb"],"_links":{"self":[{"href":"http:\/\/fmradiocristal.com.ar\/home-1\/wp-json\/wp\/v2\/posts\/12630","targetHints":{"allow":["GET"]}}],"collection":[{"href":"http:\/\/fmradiocristal.com.ar\/home-1\/wp-json\/wp\/v2\/posts"}],"about":[{"href":"http:\/\/fmradiocristal.com.ar\/home-1\/wp-json\/wp\/v2\/types\/post"}],"author":[{"embeddable":true,"href":"http:\/\/fmradiocristal.com.ar\/home-1\/wp-json\/wp\/v2\/users\/3"}],"replies":[{"embeddable":true,"href":"http:\/\/fmradiocristal.com.ar\/home-1\/wp-json\/wp\/v2\/comments?post=12630"}],"version-history":[{"count":1,"href":"http:\/\/fmradiocristal.com.ar\/home-1\/wp-json\/wp\/v2\/posts\/12630\/revisions"}],"predecessor-version":[{"id":12632,"href":"http:\/\/fmradiocristal.com.ar\/home-1\/wp-json\/wp\/v2\/posts\/12630\/revisions\/12632"}],"wp:featuredmedia":[{"embeddable":true,"href":"http:\/\/fmradiocristal.com.ar\/home-1\/wp-json\/wp\/v2\/media\/12631"}],"wp:attachment":[{"href":"http:\/\/fmradiocristal.com.ar\/home-1\/wp-json\/wp\/v2\/media?parent=12630"}],"wp:term":[{"taxonomy":"category","embeddable":true,"href":"http:\/\/fmradiocristal.com.ar\/home-1\/wp-json\/wp\/v2\/categories?post=12630"},{"taxonomy":"post_tag","embeddable":true,"href":"http:\/\/fmradiocristal.com.ar\/home-1\/wp-json\/wp\/v2\/tags?post=12630"}],"curies":[{"name":"wp","href":"https:\/\/api.w.org\/{rel}","templated":true}]}}