{"id":12827,"date":"2025-05-19T17:51:49","date_gmt":"2025-05-19T20:51:49","guid":{"rendered":"https:\/\/fmradiocristal.com.ar\/home-1\/?p=12827"},"modified":"2025-05-19T17:51:49","modified_gmt":"2025-05-19T20:51:49","slug":"una-vision-estrategica-el-mar","status":"publish","type":"post","link":"http:\/\/fmradiocristal.com.ar\/home-1\/una-vision-estrategica-el-mar\/","title":{"rendered":"Una visi\u00f3n estrat\u00e9gica: el mar"},"content":{"rendered":"<p>Una visi\u00f3n estrat\u00e9gica: el mar<\/p>\n<p>Dialogamos con Milko Schvartzman sobre el cuidado y protecci\u00f3n\u00a0de\u00a0los\u00a0Oc\u00e9anos.<\/p>\n<p><iframe title=\"Una visi\u00f3n estrat\u00e9gica: el mar - Programa completo (19\/05\/2025)\" width=\"1200\" height=\"900\" src=\"https:\/\/www.youtube.com\/embed\/m6-JL3crSVQ?feature=oembed\" frameborder=\"0\" allow=\"accelerometer; autoplay; clipboard-write; encrypted-media; gyroscope; picture-in-picture; web-share\" referrerpolicy=\"strict-origin-when-cross-origin\" allowfullscreen><\/iframe><\/p>\n","protected":false},"excerpt":{"rendered":"<p>Una visi\u00f3n estrat\u00e9gica: el mar Dialogamos con Milko Schvartzman sobre el cuidado y protecci\u00f3n\u00a0de\u00a0los\u00a0Oc\u00e9anos.<\/p>\n","protected":false},"author":3,"featured_media":12828,"comment_status":"open","ping_status":"open","sticky":false,"template":"","format":"standard","meta":{"footnotes":""},"categories":[184,43],"tags":[185],"class_list":["post-12827","post","type-post","status-publish","format-standard","has-post-thumbnail","hentry","category-nueva-vision-estrategica-argentina","category-programas","tag-nueva-vision-estrategica-argentina","have-post-thumb"],"_links":{"self":[{"href":"http:\/\/fmradiocristal.com.ar\/home-1\/wp-json\/wp\/v2\/posts\/12827","targetHints":{"allow":["GET"]}}],"collection":[{"href":"http:\/\/fmradiocristal.com.ar\/home-1\/wp-json\/wp\/v2\/posts"}],"about":[{"href":"http:\/\/fmradiocristal.com.ar\/home-1\/wp-json\/wp\/v2\/types\/post"}],"author":[{"embeddable":true,"href":"http:\/\/fmradiocristal.com.ar\/home-1\/wp-json\/wp\/v2\/users\/3"}],"replies":[{"embeddable":true,"href":"http:\/\/fmradiocristal.com.ar\/home-1\/wp-json\/wp\/v2\/comments?post=12827"}],"version-history":[{"count":1,"href":"http:\/\/fmradiocristal.com.ar\/home-1\/wp-json\/wp\/v2\/posts\/12827\/revisions"}],"predecessor-version":[{"id":12829,"href":"http:\/\/fmradiocristal.com.ar\/home-1\/wp-json\/wp\/v2\/posts\/12827\/revisions\/12829"}],"wp:featuredmedia":[{"embeddable":true,"href":"http:\/\/fmradiocristal.com.ar\/home-1\/wp-json\/wp\/v2\/media\/12828"}],"wp:attachment":[{"href":"http:\/\/fmradiocristal.com.ar\/home-1\/wp-json\/wp\/v2\/media?parent=12827"}],"wp:term":[{"taxonomy":"category","embeddable":true,"href":"http:\/\/fmradiocristal.com.ar\/home-1\/wp-json\/wp\/v2\/categories?post=12827"},{"taxonomy":"post_tag","embeddable":true,"href":"http:\/\/fmradiocristal.com.ar\/home-1\/wp-json\/wp\/v2\/tags?post=12827"}],"curies":[{"name":"wp","href":"https:\/\/api.w.org\/{rel}","templated":true}]}}