{"id":12917,"date":"2025-05-26T11:29:32","date_gmt":"2025-05-26T14:29:32","guid":{"rendered":"https:\/\/fmradiocristal.com.ar\/home-1\/?p=12917"},"modified":"2025-05-27T11:30:38","modified_gmt":"2025-05-27T14:30:38","slug":"nueva-vision-estrategica-el-mar-3","status":"publish","type":"post","link":"http:\/\/fmradiocristal.com.ar\/home-1\/nueva-vision-estrategica-el-mar-3\/","title":{"rendered":"Nueva visi\u00f3n estrat\u00e9gica: el mar"},"content":{"rendered":"<p>Nueva visi\u00f3n estrat\u00e9gica: el mar<\/p>\n<p>Dialogamos con Enrique Marshoff sobre ecosistemas y recursos marinos.<\/p>\n<p><iframe title=\"Nueva visi\u00f3n estrat\u00e9gica: el mar - Programa completo (26\/05\/2025)\" width=\"1200\" height=\"675\" src=\"https:\/\/www.youtube.com\/embed\/u22IJ_OJC2I?feature=oembed\" frameborder=\"0\" allow=\"accelerometer; autoplay; clipboard-write; encrypted-media; gyroscope; picture-in-picture; web-share\" referrerpolicy=\"strict-origin-when-cross-origin\" allowfullscreen><\/iframe><\/p>\n","protected":false},"excerpt":{"rendered":"<p>Nueva visi\u00f3n estrat\u00e9gica: el mar Dialogamos con Enrique Marshoff sobre ecosistemas y recursos marinos.<\/p>\n","protected":false},"author":3,"featured_media":12918,"comment_status":"open","ping_status":"open","sticky":false,"template":"","format":"standard","meta":{"footnotes":""},"categories":[184],"tags":[185],"class_list":["post-12917","post","type-post","status-publish","format-standard","has-post-thumbnail","hentry","category-nueva-vision-estrategica-argentina","tag-nueva-vision-estrategica-argentina","have-post-thumb"],"_links":{"self":[{"href":"http:\/\/fmradiocristal.com.ar\/home-1\/wp-json\/wp\/v2\/posts\/12917","targetHints":{"allow":["GET"]}}],"collection":[{"href":"http:\/\/fmradiocristal.com.ar\/home-1\/wp-json\/wp\/v2\/posts"}],"about":[{"href":"http:\/\/fmradiocristal.com.ar\/home-1\/wp-json\/wp\/v2\/types\/post"}],"author":[{"embeddable":true,"href":"http:\/\/fmradiocristal.com.ar\/home-1\/wp-json\/wp\/v2\/users\/3"}],"replies":[{"embeddable":true,"href":"http:\/\/fmradiocristal.com.ar\/home-1\/wp-json\/wp\/v2\/comments?post=12917"}],"version-history":[{"count":1,"href":"http:\/\/fmradiocristal.com.ar\/home-1\/wp-json\/wp\/v2\/posts\/12917\/revisions"}],"predecessor-version":[{"id":12919,"href":"http:\/\/fmradiocristal.com.ar\/home-1\/wp-json\/wp\/v2\/posts\/12917\/revisions\/12919"}],"wp:featuredmedia":[{"embeddable":true,"href":"http:\/\/fmradiocristal.com.ar\/home-1\/wp-json\/wp\/v2\/media\/12918"}],"wp:attachment":[{"href":"http:\/\/fmradiocristal.com.ar\/home-1\/wp-json\/wp\/v2\/media?parent=12917"}],"wp:term":[{"taxonomy":"category","embeddable":true,"href":"http:\/\/fmradiocristal.com.ar\/home-1\/wp-json\/wp\/v2\/categories?post=12917"},{"taxonomy":"post_tag","embeddable":true,"href":"http:\/\/fmradiocristal.com.ar\/home-1\/wp-json\/wp\/v2\/tags?post=12917"}],"curies":[{"name":"wp","href":"https:\/\/api.w.org\/{rel}","templated":true}]}}