{"id":12982,"date":"2025-06-02T13:52:55","date_gmt":"2025-06-02T16:52:55","guid":{"rendered":"https:\/\/fmradiocristal.com.ar\/home-1\/?p=12982"},"modified":"2025-06-03T13:57:19","modified_gmt":"2025-06-03T16:57:19","slug":"una-nueva-vision-estrategica-el-mar","status":"publish","type":"post","link":"http:\/\/fmradiocristal.com.ar\/home-1\/una-nueva-vision-estrategica-el-mar\/","title":{"rendered":"Una nueva visi\u00f3n estrat\u00e9gica: el mar"},"content":{"rendered":"<p>Una nueva visi\u00f3n estrat\u00e9gica: el mar<\/p>\n<p>Dialogamos con Eduardo Ligio Ganeau sobre la conciencia\u00a0mar\u00edtima.<\/p>\n<p><iframe title=\"Una nueva visi\u00f3n estrat\u00e9gica: el mar - Programa completo (02\/06\/2025)\" width=\"1200\" height=\"675\" src=\"https:\/\/www.youtube.com\/embed\/aKA6CWtObIA?feature=oembed\" frameborder=\"0\" allow=\"accelerometer; autoplay; clipboard-write; encrypted-media; gyroscope; picture-in-picture; web-share\" referrerpolicy=\"strict-origin-when-cross-origin\" allowfullscreen><\/iframe><\/p>\n","protected":false},"excerpt":{"rendered":"<p>Una nueva visi\u00f3n estrat\u00e9gica: el mar Dialogamos con Eduardo Ligio Ganeau sobre la conciencia\u00a0mar\u00edtima.<\/p>\n","protected":false},"author":3,"featured_media":12983,"comment_status":"open","ping_status":"open","sticky":false,"template":"","format":"standard","meta":{"footnotes":""},"categories":[184,43],"tags":[185],"class_list":["post-12982","post","type-post","status-publish","format-standard","has-post-thumbnail","hentry","category-nueva-vision-estrategica-argentina","category-programas","tag-nueva-vision-estrategica-argentina","have-post-thumb"],"_links":{"self":[{"href":"http:\/\/fmradiocristal.com.ar\/home-1\/wp-json\/wp\/v2\/posts\/12982","targetHints":{"allow":["GET"]}}],"collection":[{"href":"http:\/\/fmradiocristal.com.ar\/home-1\/wp-json\/wp\/v2\/posts"}],"about":[{"href":"http:\/\/fmradiocristal.com.ar\/home-1\/wp-json\/wp\/v2\/types\/post"}],"author":[{"embeddable":true,"href":"http:\/\/fmradiocristal.com.ar\/home-1\/wp-json\/wp\/v2\/users\/3"}],"replies":[{"embeddable":true,"href":"http:\/\/fmradiocristal.com.ar\/home-1\/wp-json\/wp\/v2\/comments?post=12982"}],"version-history":[{"count":1,"href":"http:\/\/fmradiocristal.com.ar\/home-1\/wp-json\/wp\/v2\/posts\/12982\/revisions"}],"predecessor-version":[{"id":12984,"href":"http:\/\/fmradiocristal.com.ar\/home-1\/wp-json\/wp\/v2\/posts\/12982\/revisions\/12984"}],"wp:featuredmedia":[{"embeddable":true,"href":"http:\/\/fmradiocristal.com.ar\/home-1\/wp-json\/wp\/v2\/media\/12983"}],"wp:attachment":[{"href":"http:\/\/fmradiocristal.com.ar\/home-1\/wp-json\/wp\/v2\/media?parent=12982"}],"wp:term":[{"taxonomy":"category","embeddable":true,"href":"http:\/\/fmradiocristal.com.ar\/home-1\/wp-json\/wp\/v2\/categories?post=12982"},{"taxonomy":"post_tag","embeddable":true,"href":"http:\/\/fmradiocristal.com.ar\/home-1\/wp-json\/wp\/v2\/tags?post=12982"}],"curies":[{"name":"wp","href":"https:\/\/api.w.org\/{rel}","templated":true}]}}