{"id":13378,"date":"2025-07-11T23:00:30","date_gmt":"2025-07-12T02:00:30","guid":{"rendered":"https:\/\/fmradiocristal.com.ar\/home-1\/?p=13378"},"modified":"2025-07-11T23:00:55","modified_gmt":"2025-07-12T02:00:55","slug":"ciencia-y-tecnologia-para-el-desarrollo-nacional-10","status":"publish","type":"post","link":"http:\/\/fmradiocristal.com.ar\/home-1\/ciencia-y-tecnologia-para-el-desarrollo-nacional-10\/","title":{"rendered":"Ciencia y tecnolog\u00eda para el desarrollo nacional"},"content":{"rendered":"<p>Ciencia y tecnolog\u00eda para el desarrollo nacional<\/p>\n<p>A los 100 a\u00f1os del descubrimiento de la mec\u00e1nica cu\u00e1ntica: Ciencia, historia\u00a0y\u00a0pol\u00edtica.<\/p>\n<p><iframe title=\"Ciencia y tecnolog\u00eda para el desarrollo nacional - Programa completo (11\/07\/2025)\" width=\"1200\" height=\"675\" src=\"https:\/\/www.youtube.com\/embed\/N85rtU9l9t0?feature=oembed\" frameborder=\"0\" allow=\"accelerometer; autoplay; clipboard-write; encrypted-media; gyroscope; picture-in-picture; web-share\" referrerpolicy=\"strict-origin-when-cross-origin\" allowfullscreen><\/iframe><\/p>\n","protected":false},"excerpt":{"rendered":"<p>Ciencia y tecnolog\u00eda para el desarrollo nacional A los 100 a\u00f1os del descubrimiento de la mec\u00e1nica cu\u00e1ntica: Ciencia, historia\u00a0y\u00a0pol\u00edtica.<\/p>\n","protected":false},"author":3,"featured_media":13379,"comment_status":"open","ping_status":"open","sticky":false,"template":"","format":"standard","meta":{"footnotes":""},"categories":[137,43],"tags":[140],"class_list":["post-13378","post","type-post","status-publish","format-standard","has-post-thumbnail","hentry","category-ciencia-y-tecnologia","category-programas","tag-ciencia-y-tecnologia","have-post-thumb"],"_links":{"self":[{"href":"http:\/\/fmradiocristal.com.ar\/home-1\/wp-json\/wp\/v2\/posts\/13378","targetHints":{"allow":["GET"]}}],"collection":[{"href":"http:\/\/fmradiocristal.com.ar\/home-1\/wp-json\/wp\/v2\/posts"}],"about":[{"href":"http:\/\/fmradiocristal.com.ar\/home-1\/wp-json\/wp\/v2\/types\/post"}],"author":[{"embeddable":true,"href":"http:\/\/fmradiocristal.com.ar\/home-1\/wp-json\/wp\/v2\/users\/3"}],"replies":[{"embeddable":true,"href":"http:\/\/fmradiocristal.com.ar\/home-1\/wp-json\/wp\/v2\/comments?post=13378"}],"version-history":[{"count":1,"href":"http:\/\/fmradiocristal.com.ar\/home-1\/wp-json\/wp\/v2\/posts\/13378\/revisions"}],"predecessor-version":[{"id":13380,"href":"http:\/\/fmradiocristal.com.ar\/home-1\/wp-json\/wp\/v2\/posts\/13378\/revisions\/13380"}],"wp:featuredmedia":[{"embeddable":true,"href":"http:\/\/fmradiocristal.com.ar\/home-1\/wp-json\/wp\/v2\/media\/13379"}],"wp:attachment":[{"href":"http:\/\/fmradiocristal.com.ar\/home-1\/wp-json\/wp\/v2\/media?parent=13378"}],"wp:term":[{"taxonomy":"category","embeddable":true,"href":"http:\/\/fmradiocristal.com.ar\/home-1\/wp-json\/wp\/v2\/categories?post=13378"},{"taxonomy":"post_tag","embeddable":true,"href":"http:\/\/fmradiocristal.com.ar\/home-1\/wp-json\/wp\/v2\/tags?post=13378"}],"curies":[{"name":"wp","href":"https:\/\/api.w.org\/{rel}","templated":true}]}}