{"id":13437,"date":"2025-07-14T19:03:47","date_gmt":"2025-07-14T22:03:47","guid":{"rendered":"https:\/\/fmradiocristal.com.ar\/home-1\/?p=13437"},"modified":"2025-07-14T19:03:47","modified_gmt":"2025-07-14T22:03:47","slug":"nueva-vision-estrategica-el-mar-8","status":"publish","type":"post","link":"http:\/\/fmradiocristal.com.ar\/home-1\/nueva-vision-estrategica-el-mar-8\/","title":{"rendered":"Nueva visi\u00f3n estrat\u00e9gica: el mar"},"content":{"rendered":"<p>Nueva visi\u00f3n estrat\u00e9gica: el mar<\/p>\n<p>Entrevistamos a Horacio Tettamenti sobre la soberan\u00eda mar\u00edtima y fluvial.<br \/>\nEl Canal\u00a0de\u00a0Magdalena.<\/p>\n<p><iframe title=\"Nueva visi\u00f3n estrat\u00e9gica: el mar - Programa completo (14\/07\/2025)\" width=\"1200\" height=\"675\" src=\"https:\/\/www.youtube.com\/embed\/CCOmXWyi_Lg?feature=oembed\" frameborder=\"0\" allow=\"accelerometer; autoplay; clipboard-write; encrypted-media; gyroscope; picture-in-picture; web-share\" referrerpolicy=\"strict-origin-when-cross-origin\" allowfullscreen><\/iframe><\/p>\n","protected":false},"excerpt":{"rendered":"<p>Nueva visi\u00f3n estrat\u00e9gica: el mar Entrevistamos a Horacio Tettamenti sobre la soberan\u00eda mar\u00edtima y fluvial. El Canal\u00a0de\u00a0Magdalena.<\/p>\n","protected":false},"author":3,"featured_media":13438,"comment_status":"open","ping_status":"open","sticky":false,"template":"","format":"standard","meta":{"footnotes":""},"categories":[184,43],"tags":[185],"class_list":["post-13437","post","type-post","status-publish","format-standard","has-post-thumbnail","hentry","category-nueva-vision-estrategica-argentina","category-programas","tag-nueva-vision-estrategica-argentina","have-post-thumb"],"_links":{"self":[{"href":"http:\/\/fmradiocristal.com.ar\/home-1\/wp-json\/wp\/v2\/posts\/13437","targetHints":{"allow":["GET"]}}],"collection":[{"href":"http:\/\/fmradiocristal.com.ar\/home-1\/wp-json\/wp\/v2\/posts"}],"about":[{"href":"http:\/\/fmradiocristal.com.ar\/home-1\/wp-json\/wp\/v2\/types\/post"}],"author":[{"embeddable":true,"href":"http:\/\/fmradiocristal.com.ar\/home-1\/wp-json\/wp\/v2\/users\/3"}],"replies":[{"embeddable":true,"href":"http:\/\/fmradiocristal.com.ar\/home-1\/wp-json\/wp\/v2\/comments?post=13437"}],"version-history":[{"count":1,"href":"http:\/\/fmradiocristal.com.ar\/home-1\/wp-json\/wp\/v2\/posts\/13437\/revisions"}],"predecessor-version":[{"id":13439,"href":"http:\/\/fmradiocristal.com.ar\/home-1\/wp-json\/wp\/v2\/posts\/13437\/revisions\/13439"}],"wp:featuredmedia":[{"embeddable":true,"href":"http:\/\/fmradiocristal.com.ar\/home-1\/wp-json\/wp\/v2\/media\/13438"}],"wp:attachment":[{"href":"http:\/\/fmradiocristal.com.ar\/home-1\/wp-json\/wp\/v2\/media?parent=13437"}],"wp:term":[{"taxonomy":"category","embeddable":true,"href":"http:\/\/fmradiocristal.com.ar\/home-1\/wp-json\/wp\/v2\/categories?post=13437"},{"taxonomy":"post_tag","embeddable":true,"href":"http:\/\/fmradiocristal.com.ar\/home-1\/wp-json\/wp\/v2\/tags?post=13437"}],"curies":[{"name":"wp","href":"https:\/\/api.w.org\/{rel}","templated":true}]}}