{"id":13546,"date":"2025-07-21T10:58:26","date_gmt":"2025-07-21T13:58:26","guid":{"rendered":"https:\/\/fmradiocristal.com.ar\/home-1\/?p=13546"},"modified":"2025-07-22T11:00:04","modified_gmt":"2025-07-22T14:00:04","slug":"nueva-vision-estrategica-el-mar-9","status":"publish","type":"post","link":"http:\/\/fmradiocristal.com.ar\/home-1\/nueva-vision-estrategica-el-mar-9\/","title":{"rendered":"Nueva visi\u00f3n estrat\u00e9gica: el mar"},"content":{"rendered":"<p>&nbsp;<\/p>\n<p>Dialogamos con Miguel I\u00f1\u00edguez Bessega sobre la comunicaci\u00f3n por r\u00edos detr\u00e1s de un proyecto argentino. \u00bfPor qu\u00e9 aparecen ballenas en el R\u00edo de la Plata.<\/p>\n<p>&nbsp;<\/p>\n<p><a href=\"https:\/\/www.youtube.com\/live\/Wa1cUJmPGNs\">Nueva visi\u00f3n estrat\u00e9gica: el mar &#8211; Programa completo (21\/07\/2025) &#8211; YouTube<\/a><\/p>\n","protected":false},"excerpt":{"rendered":"<p>&nbsp; Dialogamos con Miguel I\u00f1\u00edguez Bessega sobre la comunicaci\u00f3n por r\u00edos detr\u00e1s de un proyecto argentino. \u00bfPor qu\u00e9 aparecen ballenas en el R\u00edo de la Plata. &nbsp; Nueva visi\u00f3n estrat\u00e9gica: el mar &#8211; Programa completo (21\/07\/2025) &#8211; YouTube<\/p>\n","protected":false},"author":3,"featured_media":13547,"comment_status":"open","ping_status":"open","sticky":false,"template":"","format":"standard","meta":{"footnotes":""},"categories":[184,43],"tags":[185],"class_list":["post-13546","post","type-post","status-publish","format-standard","has-post-thumbnail","hentry","category-nueva-vision-estrategica-argentina","category-programas","tag-nueva-vision-estrategica-argentina","have-post-thumb"],"_links":{"self":[{"href":"http:\/\/fmradiocristal.com.ar\/home-1\/wp-json\/wp\/v2\/posts\/13546","targetHints":{"allow":["GET"]}}],"collection":[{"href":"http:\/\/fmradiocristal.com.ar\/home-1\/wp-json\/wp\/v2\/posts"}],"about":[{"href":"http:\/\/fmradiocristal.com.ar\/home-1\/wp-json\/wp\/v2\/types\/post"}],"author":[{"embeddable":true,"href":"http:\/\/fmradiocristal.com.ar\/home-1\/wp-json\/wp\/v2\/users\/3"}],"replies":[{"embeddable":true,"href":"http:\/\/fmradiocristal.com.ar\/home-1\/wp-json\/wp\/v2\/comments?post=13546"}],"version-history":[{"count":1,"href":"http:\/\/fmradiocristal.com.ar\/home-1\/wp-json\/wp\/v2\/posts\/13546\/revisions"}],"predecessor-version":[{"id":13548,"href":"http:\/\/fmradiocristal.com.ar\/home-1\/wp-json\/wp\/v2\/posts\/13546\/revisions\/13548"}],"wp:featuredmedia":[{"embeddable":true,"href":"http:\/\/fmradiocristal.com.ar\/home-1\/wp-json\/wp\/v2\/media\/13547"}],"wp:attachment":[{"href":"http:\/\/fmradiocristal.com.ar\/home-1\/wp-json\/wp\/v2\/media?parent=13546"}],"wp:term":[{"taxonomy":"category","embeddable":true,"href":"http:\/\/fmradiocristal.com.ar\/home-1\/wp-json\/wp\/v2\/categories?post=13546"},{"taxonomy":"post_tag","embeddable":true,"href":"http:\/\/fmradiocristal.com.ar\/home-1\/wp-json\/wp\/v2\/tags?post=13546"}],"curies":[{"name":"wp","href":"https:\/\/api.w.org\/{rel}","templated":true}]}}