{"id":13625,"date":"2025-07-28T13:28:28","date_gmt":"2025-07-28T16:28:28","guid":{"rendered":"https:\/\/fmradiocristal.com.ar\/home-1\/?p=13625"},"modified":"2025-07-29T13:29:51","modified_gmt":"2025-07-29T16:29:51","slug":"nueva-vision-estrategica-el-mar-10","status":"publish","type":"post","link":"http:\/\/fmradiocristal.com.ar\/home-1\/nueva-vision-estrategica-el-mar-10\/","title":{"rendered":"Nueva visi\u00f3n estrat\u00e9gica: el mar"},"content":{"rendered":"<p>Nueva visi\u00f3n estrat\u00e9gica: el mar<\/p>\n<p>Dialogamos con Luis Braceras y Alberto Villa Ur\u00eda sobre la posta que dej\u00f3 el entrevistado de la semana pasada: la comunicaci\u00f3n por r\u00edos detr\u00e1s de un proyecto argentino.<br \/>\n\u00bfBallenas en el R\u00edo de la Plata?<\/p>\n<p><iframe title=\"Nueva visi\u00f3n estrat\u00e9gica: el mar - Programa completo (28\/07\/2025)\" width=\"1200\" height=\"675\" src=\"https:\/\/www.youtube.com\/embed\/BKKCJIfkeQo?feature=oembed\" frameborder=\"0\" allow=\"accelerometer; autoplay; clipboard-write; encrypted-media; gyroscope; picture-in-picture; web-share\" referrerpolicy=\"strict-origin-when-cross-origin\" allowfullscreen><\/iframe><\/p>\n","protected":false},"excerpt":{"rendered":"<p>Nueva visi\u00f3n estrat\u00e9gica: el mar Dialogamos con Luis Braceras y Alberto Villa Ur\u00eda sobre la posta que dej\u00f3 el entrevistado de la semana pasada: la comunicaci\u00f3n por r\u00edos detr\u00e1s de un proyecto argentino. \u00bfBallenas en el R\u00edo de la Plata?<\/p>\n","protected":false},"author":3,"featured_media":13626,"comment_status":"open","ping_status":"open","sticky":false,"template":"","format":"standard","meta":{"footnotes":""},"categories":[184,43],"tags":[185],"class_list":["post-13625","post","type-post","status-publish","format-standard","has-post-thumbnail","hentry","category-nueva-vision-estrategica-argentina","category-programas","tag-nueva-vision-estrategica-argentina","have-post-thumb"],"_links":{"self":[{"href":"http:\/\/fmradiocristal.com.ar\/home-1\/wp-json\/wp\/v2\/posts\/13625","targetHints":{"allow":["GET"]}}],"collection":[{"href":"http:\/\/fmradiocristal.com.ar\/home-1\/wp-json\/wp\/v2\/posts"}],"about":[{"href":"http:\/\/fmradiocristal.com.ar\/home-1\/wp-json\/wp\/v2\/types\/post"}],"author":[{"embeddable":true,"href":"http:\/\/fmradiocristal.com.ar\/home-1\/wp-json\/wp\/v2\/users\/3"}],"replies":[{"embeddable":true,"href":"http:\/\/fmradiocristal.com.ar\/home-1\/wp-json\/wp\/v2\/comments?post=13625"}],"version-history":[{"count":1,"href":"http:\/\/fmradiocristal.com.ar\/home-1\/wp-json\/wp\/v2\/posts\/13625\/revisions"}],"predecessor-version":[{"id":13627,"href":"http:\/\/fmradiocristal.com.ar\/home-1\/wp-json\/wp\/v2\/posts\/13625\/revisions\/13627"}],"wp:featuredmedia":[{"embeddable":true,"href":"http:\/\/fmradiocristal.com.ar\/home-1\/wp-json\/wp\/v2\/media\/13626"}],"wp:attachment":[{"href":"http:\/\/fmradiocristal.com.ar\/home-1\/wp-json\/wp\/v2\/media?parent=13625"}],"wp:term":[{"taxonomy":"category","embeddable":true,"href":"http:\/\/fmradiocristal.com.ar\/home-1\/wp-json\/wp\/v2\/categories?post=13625"},{"taxonomy":"post_tag","embeddable":true,"href":"http:\/\/fmradiocristal.com.ar\/home-1\/wp-json\/wp\/v2\/tags?post=13625"}],"curies":[{"name":"wp","href":"https:\/\/api.w.org\/{rel}","templated":true}]}}