{"id":14178,"date":"2025-08-26T14:10:37","date_gmt":"2025-08-26T17:10:37","guid":{"rendered":"https:\/\/fmradiocristal.com.ar\/home-1\/?p=14178"},"modified":"2025-08-27T14:12:48","modified_gmt":"2025-08-27T17:12:48","slug":"apsee-con-voz-3","status":"publish","type":"post","link":"http:\/\/fmradiocristal.com.ar\/home-1\/apsee-con-voz-3\/","title":{"rendered":"APSEE con voz &#8211;"},"content":{"rendered":"<p>La Secretaria de Turismo del Municipio de Dolores, Ines Barragan, nos habl\u00f3 de su hoteler\u00eda y gastronom\u00eda luego dialogamos sobre Previsi\u00f3n y Acci\u00f3n Social<\/p>\n<p><iframe title=\"APSEE con voz  - Programa completo (26\/08\/2025)\" width=\"1200\" height=\"675\" src=\"https:\/\/www.youtube.com\/embed\/QgLqjArULY4?feature=oembed\" frameborder=\"0\" allow=\"accelerometer; autoplay; clipboard-write; encrypted-media; gyroscope; picture-in-picture; web-share\" referrerpolicy=\"strict-origin-when-cross-origin\" allowfullscreen><\/iframe><\/p>\n","protected":false},"excerpt":{"rendered":"<p>La Secretaria de Turismo del Municipio de Dolores, Ines Barragan, nos habl\u00f3 de su hoteler\u00eda y gastronom\u00eda luego dialogamos sobre Previsi\u00f3n y Acci\u00f3n Social<\/p>\n","protected":false},"author":3,"featured_media":14179,"comment_status":"open","ping_status":"open","sticky":false,"template":"","format":"standard","meta":{"footnotes":""},"categories":[197,43],"tags":[198],"class_list":["post-14178","post","type-post","status-publish","format-standard","has-post-thumbnail","hentry","category-apsee-con-voz","category-programas","tag-apsee-con-voz","have-post-thumb"],"_links":{"self":[{"href":"http:\/\/fmradiocristal.com.ar\/home-1\/wp-json\/wp\/v2\/posts\/14178","targetHints":{"allow":["GET"]}}],"collection":[{"href":"http:\/\/fmradiocristal.com.ar\/home-1\/wp-json\/wp\/v2\/posts"}],"about":[{"href":"http:\/\/fmradiocristal.com.ar\/home-1\/wp-json\/wp\/v2\/types\/post"}],"author":[{"embeddable":true,"href":"http:\/\/fmradiocristal.com.ar\/home-1\/wp-json\/wp\/v2\/users\/3"}],"replies":[{"embeddable":true,"href":"http:\/\/fmradiocristal.com.ar\/home-1\/wp-json\/wp\/v2\/comments?post=14178"}],"version-history":[{"count":1,"href":"http:\/\/fmradiocristal.com.ar\/home-1\/wp-json\/wp\/v2\/posts\/14178\/revisions"}],"predecessor-version":[{"id":14180,"href":"http:\/\/fmradiocristal.com.ar\/home-1\/wp-json\/wp\/v2\/posts\/14178\/revisions\/14180"}],"wp:featuredmedia":[{"embeddable":true,"href":"http:\/\/fmradiocristal.com.ar\/home-1\/wp-json\/wp\/v2\/media\/14179"}],"wp:attachment":[{"href":"http:\/\/fmradiocristal.com.ar\/home-1\/wp-json\/wp\/v2\/media?parent=14178"}],"wp:term":[{"taxonomy":"category","embeddable":true,"href":"http:\/\/fmradiocristal.com.ar\/home-1\/wp-json\/wp\/v2\/categories?post=14178"},{"taxonomy":"post_tag","embeddable":true,"href":"http:\/\/fmradiocristal.com.ar\/home-1\/wp-json\/wp\/v2\/tags?post=14178"}],"curies":[{"name":"wp","href":"https:\/\/api.w.org\/{rel}","templated":true}]}}