{"id":14459,"date":"2025-09-16T16:38:45","date_gmt":"2025-09-16T19:38:45","guid":{"rendered":"https:\/\/fmradiocristal.com.ar\/home-1\/?p=14459"},"modified":"2025-09-17T16:39:51","modified_gmt":"2025-09-17T19:39:51","slug":"economia-popular-120","status":"publish","type":"post","link":"http:\/\/fmradiocristal.com.ar\/home-1\/economia-popular-120\/","title":{"rendered":"Econom\u00eda popular"},"content":{"rendered":"<p>&nbsp;<\/p>\n<p>&#x1f4ac; Dialogamos con Jorge Marchini acerca de presupuesto, deuda, inflaci\u00f3n, d\u00f3lar y emisi\u00f3n<\/p>\n<p><a href=\"https:\/\/www.youtube.com\/live\/Vq-ZSWm9KSE\">Tiempo de encuentro &#8211; Programa completo (17\/09\/2025)<\/a><\/p>\n","protected":false},"excerpt":{"rendered":"<p>&nbsp; &#x1f4ac; Dialogamos con Jorge Marchini acerca de presupuesto, deuda, inflaci\u00f3n, d\u00f3lar y emisi\u00f3n Tiempo de encuentro &#8211; Programa completo (17\/09\/2025)<\/p>\n","protected":false},"author":3,"featured_media":14460,"comment_status":"open","ping_status":"open","sticky":false,"template":"","format":"standard","meta":{"footnotes":""},"categories":[95,43],"tags":[111],"class_list":["post-14459","post","type-post","status-publish","format-standard","has-post-thumbnail","hentry","category-economia-popular","category-programas","tag-economia-popular","have-post-thumb"],"_links":{"self":[{"href":"http:\/\/fmradiocristal.com.ar\/home-1\/wp-json\/wp\/v2\/posts\/14459","targetHints":{"allow":["GET"]}}],"collection":[{"href":"http:\/\/fmradiocristal.com.ar\/home-1\/wp-json\/wp\/v2\/posts"}],"about":[{"href":"http:\/\/fmradiocristal.com.ar\/home-1\/wp-json\/wp\/v2\/types\/post"}],"author":[{"embeddable":true,"href":"http:\/\/fmradiocristal.com.ar\/home-1\/wp-json\/wp\/v2\/users\/3"}],"replies":[{"embeddable":true,"href":"http:\/\/fmradiocristal.com.ar\/home-1\/wp-json\/wp\/v2\/comments?post=14459"}],"version-history":[{"count":1,"href":"http:\/\/fmradiocristal.com.ar\/home-1\/wp-json\/wp\/v2\/posts\/14459\/revisions"}],"predecessor-version":[{"id":14461,"href":"http:\/\/fmradiocristal.com.ar\/home-1\/wp-json\/wp\/v2\/posts\/14459\/revisions\/14461"}],"wp:featuredmedia":[{"embeddable":true,"href":"http:\/\/fmradiocristal.com.ar\/home-1\/wp-json\/wp\/v2\/media\/14460"}],"wp:attachment":[{"href":"http:\/\/fmradiocristal.com.ar\/home-1\/wp-json\/wp\/v2\/media?parent=14459"}],"wp:term":[{"taxonomy":"category","embeddable":true,"href":"http:\/\/fmradiocristal.com.ar\/home-1\/wp-json\/wp\/v2\/categories?post=14459"},{"taxonomy":"post_tag","embeddable":true,"href":"http:\/\/fmradiocristal.com.ar\/home-1\/wp-json\/wp\/v2\/tags?post=14459"}],"curies":[{"name":"wp","href":"https:\/\/api.w.org\/{rel}","templated":true}]}}