{"id":14473,"date":"2025-09-17T09:38:25","date_gmt":"2025-09-17T12:38:25","guid":{"rendered":"https:\/\/fmradiocristal.com.ar\/home-1\/?p=14473"},"modified":"2025-09-18T09:40:26","modified_gmt":"2025-09-18T12:40:26","slug":"economia-popular-121","status":"publish","type":"post","link":"http:\/\/fmradiocristal.com.ar\/home-1\/economia-popular-121\/","title":{"rendered":"Econom\u00eda Popular"},"content":{"rendered":"<p>&#x1f4ac; Dialogamos con Jorge Marchini acerca de presupuesto, deuda, inflaci\u00f3n, d\u00f3lar y emisi\u00f3n.<\/p>\n<p>&nbsp;<\/p>\n<p><a href=\"https:\/\/www.youtube.com\/live\/GXb2nt7jpvA\">Econom\u00eda Popular &#8211; Programa completo (17\/09\/2025)<\/a><\/p>\n","protected":false},"excerpt":{"rendered":"<p>&#x1f4ac; Dialogamos con Jorge Marchini acerca de presupuesto, deuda, inflaci\u00f3n, d\u00f3lar y emisi\u00f3n. &nbsp; Econom\u00eda Popular &#8211; Programa completo (17\/09\/2025)<\/p>\n","protected":false},"author":3,"featured_media":14474,"comment_status":"open","ping_status":"open","sticky":false,"template":"","format":"standard","meta":{"footnotes":""},"categories":[95,43],"tags":[111],"class_list":["post-14473","post","type-post","status-publish","format-standard","has-post-thumbnail","hentry","category-economia-popular","category-programas","tag-economia-popular","have-post-thumb"],"_links":{"self":[{"href":"http:\/\/fmradiocristal.com.ar\/home-1\/wp-json\/wp\/v2\/posts\/14473","targetHints":{"allow":["GET"]}}],"collection":[{"href":"http:\/\/fmradiocristal.com.ar\/home-1\/wp-json\/wp\/v2\/posts"}],"about":[{"href":"http:\/\/fmradiocristal.com.ar\/home-1\/wp-json\/wp\/v2\/types\/post"}],"author":[{"embeddable":true,"href":"http:\/\/fmradiocristal.com.ar\/home-1\/wp-json\/wp\/v2\/users\/3"}],"replies":[{"embeddable":true,"href":"http:\/\/fmradiocristal.com.ar\/home-1\/wp-json\/wp\/v2\/comments?post=14473"}],"version-history":[{"count":1,"href":"http:\/\/fmradiocristal.com.ar\/home-1\/wp-json\/wp\/v2\/posts\/14473\/revisions"}],"predecessor-version":[{"id":14475,"href":"http:\/\/fmradiocristal.com.ar\/home-1\/wp-json\/wp\/v2\/posts\/14473\/revisions\/14475"}],"wp:featuredmedia":[{"embeddable":true,"href":"http:\/\/fmradiocristal.com.ar\/home-1\/wp-json\/wp\/v2\/media\/14474"}],"wp:attachment":[{"href":"http:\/\/fmradiocristal.com.ar\/home-1\/wp-json\/wp\/v2\/media?parent=14473"}],"wp:term":[{"taxonomy":"category","embeddable":true,"href":"http:\/\/fmradiocristal.com.ar\/home-1\/wp-json\/wp\/v2\/categories?post=14473"},{"taxonomy":"post_tag","embeddable":true,"href":"http:\/\/fmradiocristal.com.ar\/home-1\/wp-json\/wp\/v2\/tags?post=14473"}],"curies":[{"name":"wp","href":"https:\/\/api.w.org\/{rel}","templated":true}]}}