{"id":14699,"date":"2025-10-06T22:31:57","date_gmt":"2025-10-07T01:31:57","guid":{"rendered":"https:\/\/fmradiocristal.com.ar\/home-1\/?p=14699"},"modified":"2025-10-06T22:31:57","modified_gmt":"2025-10-07T01:31:57","slug":"nueva-vision-estrategica-el-mar-19","status":"publish","type":"post","link":"http:\/\/fmradiocristal.com.ar\/home-1\/nueva-vision-estrategica-el-mar-19\/","title":{"rendered":"Nueva visi\u00f3n estrat\u00e9gica: El Mar"},"content":{"rendered":"<p>Nueva visi\u00f3n estrat\u00e9gica: El Mar<\/p>\n<p>Dialogamos com el teniente primer (RE), Jorge Taranto, sobre las Malvinas: la verdad hist\u00f3rica y la mentira perversa.<\/p>\n<p><iframe title=\"Nueva visi\u00f3n estrat\u00e9gica: El Mar - Programa completo (06\/10\/2025)\" width=\"1200\" height=\"675\" src=\"https:\/\/www.youtube.com\/embed\/L_PInYdmF3E?feature=oembed\" frameborder=\"0\" allow=\"accelerometer; autoplay; clipboard-write; encrypted-media; gyroscope; picture-in-picture; web-share\" referrerpolicy=\"strict-origin-when-cross-origin\" allowfullscreen><\/iframe><\/p>\n","protected":false},"excerpt":{"rendered":"<p>Nueva visi\u00f3n estrat\u00e9gica: El Mar Dialogamos com el teniente primer (RE), Jorge Taranto, sobre las Malvinas: la verdad hist\u00f3rica y la mentira perversa.<\/p>\n","protected":false},"author":3,"featured_media":14700,"comment_status":"open","ping_status":"open","sticky":false,"template":"","format":"standard","meta":{"footnotes":""},"categories":[184,43],"tags":[185],"class_list":["post-14699","post","type-post","status-publish","format-standard","has-post-thumbnail","hentry","category-nueva-vision-estrategica-argentina","category-programas","tag-nueva-vision-estrategica-argentina","have-post-thumb"],"_links":{"self":[{"href":"http:\/\/fmradiocristal.com.ar\/home-1\/wp-json\/wp\/v2\/posts\/14699","targetHints":{"allow":["GET"]}}],"collection":[{"href":"http:\/\/fmradiocristal.com.ar\/home-1\/wp-json\/wp\/v2\/posts"}],"about":[{"href":"http:\/\/fmradiocristal.com.ar\/home-1\/wp-json\/wp\/v2\/types\/post"}],"author":[{"embeddable":true,"href":"http:\/\/fmradiocristal.com.ar\/home-1\/wp-json\/wp\/v2\/users\/3"}],"replies":[{"embeddable":true,"href":"http:\/\/fmradiocristal.com.ar\/home-1\/wp-json\/wp\/v2\/comments?post=14699"}],"version-history":[{"count":1,"href":"http:\/\/fmradiocristal.com.ar\/home-1\/wp-json\/wp\/v2\/posts\/14699\/revisions"}],"predecessor-version":[{"id":14701,"href":"http:\/\/fmradiocristal.com.ar\/home-1\/wp-json\/wp\/v2\/posts\/14699\/revisions\/14701"}],"wp:featuredmedia":[{"embeddable":true,"href":"http:\/\/fmradiocristal.com.ar\/home-1\/wp-json\/wp\/v2\/media\/14700"}],"wp:attachment":[{"href":"http:\/\/fmradiocristal.com.ar\/home-1\/wp-json\/wp\/v2\/media?parent=14699"}],"wp:term":[{"taxonomy":"category","embeddable":true,"href":"http:\/\/fmradiocristal.com.ar\/home-1\/wp-json\/wp\/v2\/categories?post=14699"},{"taxonomy":"post_tag","embeddable":true,"href":"http:\/\/fmradiocristal.com.ar\/home-1\/wp-json\/wp\/v2\/tags?post=14699"}],"curies":[{"name":"wp","href":"https:\/\/api.w.org\/{rel}","templated":true}]}}