{"id":14746,"date":"2025-10-09T22:44:16","date_gmt":"2025-10-10T01:44:16","guid":{"rendered":"https:\/\/fmradiocristal.com.ar\/home-1\/?p=14746"},"modified":"2025-10-09T22:44:16","modified_gmt":"2025-10-10T01:44:16","slug":"que-le-digo-89","status":"publish","type":"post","link":"http:\/\/fmradiocristal.com.ar\/home-1\/que-le-digo-89\/","title":{"rendered":"\u00bfQu\u00e9 le digo?"},"content":{"rendered":"<p>\u00bfQu\u00e9 le digo?<\/p>\n<p>En el segmento Visi\u00f3n Desarrollista, Francisco \u00abPatxi\u00bb Uranga, desde EE.UU, y Nico Foscaldi analizaron la crisis pol\u00edtica en Francia. Adem\u00e1s, hablaron de las repercusiones del acto de Milei.<\/p>\n<p>Por su parte, Sergio Reynaldo Rojas, de Fundaci\u00f3n EcoConciencia, explic\u00f3 el significado de las protestas y\u00a0movilizaciones.<\/p>\n<p><iframe title=\"\u00bfQu\u00e9 le digo? - Programa completo (09\/10\/2025)\" width=\"1200\" height=\"675\" src=\"https:\/\/www.youtube.com\/embed\/upiEFdVYZss?feature=oembed\" frameborder=\"0\" allow=\"accelerometer; autoplay; clipboard-write; encrypted-media; gyroscope; picture-in-picture; web-share\" referrerpolicy=\"strict-origin-when-cross-origin\" allowfullscreen><\/iframe><\/p>\n","protected":false},"excerpt":{"rendered":"<p>\u00bfQu\u00e9 le digo? En el segmento Visi\u00f3n Desarrollista, Francisco \u00abPatxi\u00bb Uranga, desde EE.UU, y Nico Foscaldi analizaron la crisis pol\u00edtica en Francia. Adem\u00e1s, hablaron de las repercusiones del acto de Milei. Por su parte, Sergio Reynaldo Rojas, de Fundaci\u00f3n EcoConciencia, explic\u00f3 el significado de las protestas y\u00a0movilizaciones.<\/p>\n","protected":false},"author":3,"featured_media":14747,"comment_status":"open","ping_status":"open","sticky":false,"template":"","format":"standard","meta":{"footnotes":""},"categories":[43,57],"tags":[58],"class_list":["post-14746","post","type-post","status-publish","format-standard","has-post-thumbnail","hentry","category-programas","category-que-le-digo","tag-que-le-digo","have-post-thumb"],"_links":{"self":[{"href":"http:\/\/fmradiocristal.com.ar\/home-1\/wp-json\/wp\/v2\/posts\/14746","targetHints":{"allow":["GET"]}}],"collection":[{"href":"http:\/\/fmradiocristal.com.ar\/home-1\/wp-json\/wp\/v2\/posts"}],"about":[{"href":"http:\/\/fmradiocristal.com.ar\/home-1\/wp-json\/wp\/v2\/types\/post"}],"author":[{"embeddable":true,"href":"http:\/\/fmradiocristal.com.ar\/home-1\/wp-json\/wp\/v2\/users\/3"}],"replies":[{"embeddable":true,"href":"http:\/\/fmradiocristal.com.ar\/home-1\/wp-json\/wp\/v2\/comments?post=14746"}],"version-history":[{"count":1,"href":"http:\/\/fmradiocristal.com.ar\/home-1\/wp-json\/wp\/v2\/posts\/14746\/revisions"}],"predecessor-version":[{"id":14748,"href":"http:\/\/fmradiocristal.com.ar\/home-1\/wp-json\/wp\/v2\/posts\/14746\/revisions\/14748"}],"wp:featuredmedia":[{"embeddable":true,"href":"http:\/\/fmradiocristal.com.ar\/home-1\/wp-json\/wp\/v2\/media\/14747"}],"wp:attachment":[{"href":"http:\/\/fmradiocristal.com.ar\/home-1\/wp-json\/wp\/v2\/media?parent=14746"}],"wp:term":[{"taxonomy":"category","embeddable":true,"href":"http:\/\/fmradiocristal.com.ar\/home-1\/wp-json\/wp\/v2\/categories?post=14746"},{"taxonomy":"post_tag","embeddable":true,"href":"http:\/\/fmradiocristal.com.ar\/home-1\/wp-json\/wp\/v2\/tags?post=14746"}],"curies":[{"name":"wp","href":"https:\/\/api.w.org\/{rel}","templated":true}]}}