{"id":14969,"date":"2025-10-29T22:15:29","date_gmt":"2025-10-30T01:15:29","guid":{"rendered":"https:\/\/fmradiocristal.com.ar\/home-1\/?p=14969"},"modified":"2025-10-29T22:15:29","modified_gmt":"2025-10-30T01:15:29","slug":"geopolitica-y-trabajo-46","status":"publish","type":"post","link":"http:\/\/fmradiocristal.com.ar\/home-1\/geopolitica-y-trabajo-46\/","title":{"rendered":"Geopol\u00edtica y trabajo"},"content":{"rendered":"<p>Geopol\u00edtica y trabajo<\/p>\n<p>Dialogamos con Juan Mart\u00edn S\u00e1nchez sobre los suevos empleos: la potencialidad de los empleos verdes.<\/p>\n<p><iframe title=\"Geopol\u00edtica y trabajo - Programa completo (29\/10\/2025)\" width=\"1200\" height=\"675\" src=\"https:\/\/www.youtube.com\/embed\/OEIilGZriPA?feature=oembed\" frameborder=\"0\" allow=\"accelerometer; autoplay; clipboard-write; encrypted-media; gyroscope; picture-in-picture; web-share\" referrerpolicy=\"strict-origin-when-cross-origin\" allowfullscreen><\/iframe><\/p>\n","protected":false},"excerpt":{"rendered":"<p>Geopol\u00edtica y trabajo Dialogamos con Juan Mart\u00edn S\u00e1nchez sobre los suevos empleos: la potencialidad de los empleos verdes.<\/p>\n","protected":false},"author":3,"featured_media":14970,"comment_status":"open","ping_status":"open","sticky":false,"template":"","format":"standard","meta":{"footnotes":""},"categories":[145,43],"tags":[146],"class_list":["post-14969","post","type-post","status-publish","format-standard","has-post-thumbnail","hentry","category-geopolitica-y-trabajo","category-programas","tag-geopolitica-y-trabajo","have-post-thumb"],"_links":{"self":[{"href":"http:\/\/fmradiocristal.com.ar\/home-1\/wp-json\/wp\/v2\/posts\/14969","targetHints":{"allow":["GET"]}}],"collection":[{"href":"http:\/\/fmradiocristal.com.ar\/home-1\/wp-json\/wp\/v2\/posts"}],"about":[{"href":"http:\/\/fmradiocristal.com.ar\/home-1\/wp-json\/wp\/v2\/types\/post"}],"author":[{"embeddable":true,"href":"http:\/\/fmradiocristal.com.ar\/home-1\/wp-json\/wp\/v2\/users\/3"}],"replies":[{"embeddable":true,"href":"http:\/\/fmradiocristal.com.ar\/home-1\/wp-json\/wp\/v2\/comments?post=14969"}],"version-history":[{"count":1,"href":"http:\/\/fmradiocristal.com.ar\/home-1\/wp-json\/wp\/v2\/posts\/14969\/revisions"}],"predecessor-version":[{"id":14971,"href":"http:\/\/fmradiocristal.com.ar\/home-1\/wp-json\/wp\/v2\/posts\/14969\/revisions\/14971"}],"wp:featuredmedia":[{"embeddable":true,"href":"http:\/\/fmradiocristal.com.ar\/home-1\/wp-json\/wp\/v2\/media\/14970"}],"wp:attachment":[{"href":"http:\/\/fmradiocristal.com.ar\/home-1\/wp-json\/wp\/v2\/media?parent=14969"}],"wp:term":[{"taxonomy":"category","embeddable":true,"href":"http:\/\/fmradiocristal.com.ar\/home-1\/wp-json\/wp\/v2\/categories?post=14969"},{"taxonomy":"post_tag","embeddable":true,"href":"http:\/\/fmradiocristal.com.ar\/home-1\/wp-json\/wp\/v2\/tags?post=14969"}],"curies":[{"name":"wp","href":"https:\/\/api.w.org\/{rel}","templated":true}]}}