{"id":15089,"date":"2025-11-07T17:43:01","date_gmt":"2025-11-07T20:43:01","guid":{"rendered":"https:\/\/fmradiocristal.com.ar\/home-1\/?p=15089"},"modified":"2025-11-08T17:43:49","modified_gmt":"2025-11-08T20:43:49","slug":"ecos-38","status":"publish","type":"post","link":"http:\/\/fmradiocristal.com.ar\/home-1\/ecos-38\/","title":{"rendered":"Ecos"},"content":{"rendered":"<p>Ecos<\/p>\n<p>Dialogamos con In\u00e9s Palomeque sobre su pr\u00f3ximo evento del martes 11 de noviembre.<br \/>\n\u00bfQu\u00e9 sucede en CABA?<br \/>\n\u00bfRegresan los cr\u00e9ditos hipotecarios?<br \/>\n\u00bfC\u00f3mo mirar el mercado?<br \/>\nQu\u00e9 pasa en C\u00f3rdoba el 13 de noviembre.<\/p>\n<p><iframe title=\"Ecos - Programa completo (07\/11\/2025)\" width=\"1200\" height=\"675\" src=\"https:\/\/www.youtube.com\/embed\/jGhZum_6AN8?feature=oembed\" frameborder=\"0\" allow=\"accelerometer; autoplay; clipboard-write; encrypted-media; gyroscope; picture-in-picture; web-share\" referrerpolicy=\"strict-origin-when-cross-origin\" allowfullscreen><\/iframe><\/p>\n","protected":false},"excerpt":{"rendered":"<p>Ecos Dialogamos con In\u00e9s Palomeque sobre su pr\u00f3ximo evento del martes 11 de noviembre. \u00bfQu\u00e9 sucede en CABA? \u00bfRegresan los cr\u00e9ditos hipotecarios? \u00bfC\u00f3mo mirar el mercado? Qu\u00e9 pasa en C\u00f3rdoba el 13 de noviembre.<\/p>\n","protected":false},"author":3,"featured_media":15090,"comment_status":"open","ping_status":"open","sticky":false,"template":"","format":"standard","meta":{"footnotes":""},"categories":[170,43],"tags":[171],"class_list":["post-15089","post","type-post","status-publish","format-standard","has-post-thumbnail","hentry","category-ecos","category-programas","tag-ecos","have-post-thumb"],"_links":{"self":[{"href":"http:\/\/fmradiocristal.com.ar\/home-1\/wp-json\/wp\/v2\/posts\/15089","targetHints":{"allow":["GET"]}}],"collection":[{"href":"http:\/\/fmradiocristal.com.ar\/home-1\/wp-json\/wp\/v2\/posts"}],"about":[{"href":"http:\/\/fmradiocristal.com.ar\/home-1\/wp-json\/wp\/v2\/types\/post"}],"author":[{"embeddable":true,"href":"http:\/\/fmradiocristal.com.ar\/home-1\/wp-json\/wp\/v2\/users\/3"}],"replies":[{"embeddable":true,"href":"http:\/\/fmradiocristal.com.ar\/home-1\/wp-json\/wp\/v2\/comments?post=15089"}],"version-history":[{"count":1,"href":"http:\/\/fmradiocristal.com.ar\/home-1\/wp-json\/wp\/v2\/posts\/15089\/revisions"}],"predecessor-version":[{"id":15091,"href":"http:\/\/fmradiocristal.com.ar\/home-1\/wp-json\/wp\/v2\/posts\/15089\/revisions\/15091"}],"wp:featuredmedia":[{"embeddable":true,"href":"http:\/\/fmradiocristal.com.ar\/home-1\/wp-json\/wp\/v2\/media\/15090"}],"wp:attachment":[{"href":"http:\/\/fmradiocristal.com.ar\/home-1\/wp-json\/wp\/v2\/media?parent=15089"}],"wp:term":[{"taxonomy":"category","embeddable":true,"href":"http:\/\/fmradiocristal.com.ar\/home-1\/wp-json\/wp\/v2\/categories?post=15089"},{"taxonomy":"post_tag","embeddable":true,"href":"http:\/\/fmradiocristal.com.ar\/home-1\/wp-json\/wp\/v2\/tags?post=15089"}],"curies":[{"name":"wp","href":"https:\/\/api.w.org\/{rel}","templated":true}]}}