{"id":16133,"date":"2026-03-05T19:51:34","date_gmt":"2026-03-05T22:51:34","guid":{"rendered":"https:\/\/fmradiocristal.com.ar\/home-1\/?p=16133"},"modified":"2026-03-05T19:51:34","modified_gmt":"2026-03-05T22:51:34","slug":"cultura-energetica-198","status":"publish","type":"post","link":"http:\/\/fmradiocristal.com.ar\/home-1\/cultura-energetica-198\/","title":{"rendered":"Cultura energ\u00e9tica"},"content":{"rendered":"<p>Cultura energ\u00e9tica<\/p>\n<p>Dialogamos con Ail\u00e9n Carvalho sobre orientaci\u00f3n vocacional.<\/p>\n<p><iframe title=\"Cultura energ\u00e9tica - Programa completo (05\/03\/2026)\" width=\"1200\" height=\"675\" src=\"https:\/\/www.youtube.com\/embed\/dkoXaqWQsZA?feature=oembed\" frameborder=\"0\" allow=\"accelerometer; autoplay; clipboard-write; encrypted-media; gyroscope; picture-in-picture; web-share\" referrerpolicy=\"strict-origin-when-cross-origin\" allowfullscreen><\/iframe><\/p>\n","protected":false},"excerpt":{"rendered":"<p>Cultura energ\u00e9tica Dialogamos con Ail\u00e9n Carvalho sobre orientaci\u00f3n vocacional.<\/p>\n","protected":false},"author":3,"featured_media":16134,"comment_status":"open","ping_status":"open","sticky":false,"template":"","format":"standard","meta":{"footnotes":""},"categories":[50,43],"tags":[79],"class_list":["post-16133","post","type-post","status-publish","format-standard","has-post-thumbnail","hentry","category-cultura-energetica","category-programas","tag-cultura-energetica","have-post-thumb"],"_links":{"self":[{"href":"http:\/\/fmradiocristal.com.ar\/home-1\/wp-json\/wp\/v2\/posts\/16133","targetHints":{"allow":["GET"]}}],"collection":[{"href":"http:\/\/fmradiocristal.com.ar\/home-1\/wp-json\/wp\/v2\/posts"}],"about":[{"href":"http:\/\/fmradiocristal.com.ar\/home-1\/wp-json\/wp\/v2\/types\/post"}],"author":[{"embeddable":true,"href":"http:\/\/fmradiocristal.com.ar\/home-1\/wp-json\/wp\/v2\/users\/3"}],"replies":[{"embeddable":true,"href":"http:\/\/fmradiocristal.com.ar\/home-1\/wp-json\/wp\/v2\/comments?post=16133"}],"version-history":[{"count":1,"href":"http:\/\/fmradiocristal.com.ar\/home-1\/wp-json\/wp\/v2\/posts\/16133\/revisions"}],"predecessor-version":[{"id":16135,"href":"http:\/\/fmradiocristal.com.ar\/home-1\/wp-json\/wp\/v2\/posts\/16133\/revisions\/16135"}],"wp:featuredmedia":[{"embeddable":true,"href":"http:\/\/fmradiocristal.com.ar\/home-1\/wp-json\/wp\/v2\/media\/16134"}],"wp:attachment":[{"href":"http:\/\/fmradiocristal.com.ar\/home-1\/wp-json\/wp\/v2\/media?parent=16133"}],"wp:term":[{"taxonomy":"category","embeddable":true,"href":"http:\/\/fmradiocristal.com.ar\/home-1\/wp-json\/wp\/v2\/categories?post=16133"},{"taxonomy":"post_tag","embeddable":true,"href":"http:\/\/fmradiocristal.com.ar\/home-1\/wp-json\/wp\/v2\/tags?post=16133"}],"curies":[{"name":"wp","href":"https:\/\/api.w.org\/{rel}","templated":true}]}}