{"id":16168,"date":"2026-03-12T21:00:44","date_gmt":"2026-03-13T00:00:44","guid":{"rendered":"https:\/\/fmradiocristal.com.ar\/home-1\/?p=16168"},"modified":"2026-03-12T21:00:44","modified_gmt":"2026-03-13T00:00:44","slug":"el-transformador-102","status":"publish","type":"post","link":"http:\/\/fmradiocristal.com.ar\/home-1\/el-transformador-102\/","title":{"rendered":"El transformador"},"content":{"rendered":"<p>El transformador<\/p>\n<p>Ricardo Nin y equipo entrevist\u00f3 a Marcos Rebesa sobre la situaci\u00f3n energ\u00e9tica mundial.<\/p>\n<p>&nbsp;<\/p>\n<p><iframe title=\"El Transformador - Programa completo (12\/03\/2026)\" width=\"1200\" height=\"675\" src=\"https:\/\/www.youtube.com\/embed\/KWMD-ABnIpk?feature=oembed\" frameborder=\"0\" allow=\"accelerometer; autoplay; clipboard-write; encrypted-media; gyroscope; picture-in-picture; web-share\" referrerpolicy=\"strict-origin-when-cross-origin\" allowfullscreen><\/iframe><\/p>\n<p>&nbsp;<\/p>\n","protected":false},"excerpt":{"rendered":"<p>El transformador Ricardo Nin y equipo entrevist\u00f3 a Marcos Rebesa sobre la situaci\u00f3n energ\u00e9tica mundial. &nbsp; &nbsp;<\/p>\n","protected":false},"author":3,"featured_media":16169,"comment_status":"open","ping_status":"open","sticky":false,"template":"","format":"standard","meta":{"footnotes":""},"categories":[81,43],"tags":[80],"class_list":["post-16168","post","type-post","status-publish","format-standard","has-post-thumbnail","hentry","category-el-transformador","category-programas","tag-el-transformador","have-post-thumb"],"_links":{"self":[{"href":"http:\/\/fmradiocristal.com.ar\/home-1\/wp-json\/wp\/v2\/posts\/16168","targetHints":{"allow":["GET"]}}],"collection":[{"href":"http:\/\/fmradiocristal.com.ar\/home-1\/wp-json\/wp\/v2\/posts"}],"about":[{"href":"http:\/\/fmradiocristal.com.ar\/home-1\/wp-json\/wp\/v2\/types\/post"}],"author":[{"embeddable":true,"href":"http:\/\/fmradiocristal.com.ar\/home-1\/wp-json\/wp\/v2\/users\/3"}],"replies":[{"embeddable":true,"href":"http:\/\/fmradiocristal.com.ar\/home-1\/wp-json\/wp\/v2\/comments?post=16168"}],"version-history":[{"count":1,"href":"http:\/\/fmradiocristal.com.ar\/home-1\/wp-json\/wp\/v2\/posts\/16168\/revisions"}],"predecessor-version":[{"id":16170,"href":"http:\/\/fmradiocristal.com.ar\/home-1\/wp-json\/wp\/v2\/posts\/16168\/revisions\/16170"}],"wp:featuredmedia":[{"embeddable":true,"href":"http:\/\/fmradiocristal.com.ar\/home-1\/wp-json\/wp\/v2\/media\/16169"}],"wp:attachment":[{"href":"http:\/\/fmradiocristal.com.ar\/home-1\/wp-json\/wp\/v2\/media?parent=16168"}],"wp:term":[{"taxonomy":"category","embeddable":true,"href":"http:\/\/fmradiocristal.com.ar\/home-1\/wp-json\/wp\/v2\/categories?post=16168"},{"taxonomy":"post_tag","embeddable":true,"href":"http:\/\/fmradiocristal.com.ar\/home-1\/wp-json\/wp\/v2\/tags?post=16168"}],"curies":[{"name":"wp","href":"https:\/\/api.w.org\/{rel}","templated":true}]}}