{"id":16177,"date":"2026-03-13T10:20:17","date_gmt":"2026-03-13T13:20:17","guid":{"rendered":"https:\/\/fmradiocristal.com.ar\/home-1\/?p=16177"},"modified":"2026-03-14T10:21:25","modified_gmt":"2026-03-14T13:21:25","slug":"ciencia-y-tecnologia-para-el-desarrollo-nacional-31","status":"publish","type":"post","link":"http:\/\/fmradiocristal.com.ar\/home-1\/ciencia-y-tecnologia-para-el-desarrollo-nacional-31\/","title":{"rendered":"Ciencia y tecnolog\u00eda para el desarrollo nacional"},"content":{"rendered":"<p>Ciencia y tecnolog\u00eda para el desarrollo nacional<\/p>\n<p>Entrevistamos al Dr. Mart\u00edn Schorr sobre la econom\u00eda del desarrollo.<\/p>\n<p><iframe title=\"Ciencia y tecnolog\u00eda para el desarrollo nacional - Programa completo (13\/03\/2026)\" width=\"1200\" height=\"675\" src=\"https:\/\/www.youtube.com\/embed\/kSaz6sItohg?feature=oembed\" frameborder=\"0\" allow=\"accelerometer; autoplay; clipboard-write; encrypted-media; gyroscope; picture-in-picture; web-share\" referrerpolicy=\"strict-origin-when-cross-origin\" allowfullscreen><\/iframe><\/p>\n","protected":false},"excerpt":{"rendered":"<p>Ciencia y tecnolog\u00eda para el desarrollo nacional Entrevistamos al Dr. Mart\u00edn Schorr sobre la econom\u00eda del desarrollo.<\/p>\n","protected":false},"author":3,"featured_media":16178,"comment_status":"open","ping_status":"open","sticky":false,"template":"","format":"standard","meta":{"footnotes":""},"categories":[137,43],"tags":[140],"class_list":["post-16177","post","type-post","status-publish","format-standard","has-post-thumbnail","hentry","category-ciencia-y-tecnologia","category-programas","tag-ciencia-y-tecnologia","have-post-thumb"],"_links":{"self":[{"href":"http:\/\/fmradiocristal.com.ar\/home-1\/wp-json\/wp\/v2\/posts\/16177","targetHints":{"allow":["GET"]}}],"collection":[{"href":"http:\/\/fmradiocristal.com.ar\/home-1\/wp-json\/wp\/v2\/posts"}],"about":[{"href":"http:\/\/fmradiocristal.com.ar\/home-1\/wp-json\/wp\/v2\/types\/post"}],"author":[{"embeddable":true,"href":"http:\/\/fmradiocristal.com.ar\/home-1\/wp-json\/wp\/v2\/users\/3"}],"replies":[{"embeddable":true,"href":"http:\/\/fmradiocristal.com.ar\/home-1\/wp-json\/wp\/v2\/comments?post=16177"}],"version-history":[{"count":1,"href":"http:\/\/fmradiocristal.com.ar\/home-1\/wp-json\/wp\/v2\/posts\/16177\/revisions"}],"predecessor-version":[{"id":16179,"href":"http:\/\/fmradiocristal.com.ar\/home-1\/wp-json\/wp\/v2\/posts\/16177\/revisions\/16179"}],"wp:featuredmedia":[{"embeddable":true,"href":"http:\/\/fmradiocristal.com.ar\/home-1\/wp-json\/wp\/v2\/media\/16178"}],"wp:attachment":[{"href":"http:\/\/fmradiocristal.com.ar\/home-1\/wp-json\/wp\/v2\/media?parent=16177"}],"wp:term":[{"taxonomy":"category","embeddable":true,"href":"http:\/\/fmradiocristal.com.ar\/home-1\/wp-json\/wp\/v2\/categories?post=16177"},{"taxonomy":"post_tag","embeddable":true,"href":"http:\/\/fmradiocristal.com.ar\/home-1\/wp-json\/wp\/v2\/tags?post=16177"}],"curies":[{"name":"wp","href":"https:\/\/api.w.org\/{rel}","templated":true}]}}