{"id":16440,"date":"2026-04-22T22:31:56","date_gmt":"2026-04-23T01:31:56","guid":{"rendered":"https:\/\/fmradiocristal.com.ar\/home-1\/?p=16440"},"modified":"2026-04-23T22:34:02","modified_gmt":"2026-04-24T01:34:02","slug":"geopolitica-y-trabajo-64","status":"publish","type":"post","link":"http:\/\/fmradiocristal.com.ar\/home-1\/geopolitica-y-trabajo-64\/","title":{"rendered":"Geopol\u00edtica y trabajo"},"content":{"rendered":"<p>Geopol\u00edtica y trabajo<\/p>\n<p>Analizamos las elecciones en Hungr\u00eda y Per\u00fa.<\/p>\n<p>Adem\u00e1s, los comicios presidenciales que se vienen en Colombia y Brasil. Las de medio t\u00e9rmino en Estados Unidos.<\/p>\n<p><iframe title=\"Geopol\u00edtica y trabajo - Programa completo (22\/04\/2026)\" width=\"1200\" height=\"675\" src=\"https:\/\/www.youtube.com\/embed\/d8wJ5A6-a40?feature=oembed\" frameborder=\"0\" allow=\"accelerometer; autoplay; clipboard-write; encrypted-media; gyroscope; picture-in-picture; web-share\" referrerpolicy=\"strict-origin-when-cross-origin\" allowfullscreen><\/iframe><\/p>\n","protected":false},"excerpt":{"rendered":"<p>Geopol\u00edtica y trabajo Analizamos las elecciones en Hungr\u00eda y Per\u00fa. Adem\u00e1s, los comicios presidenciales que se vienen en Colombia y Brasil. Las de medio t\u00e9rmino en Estados Unidos.<\/p>\n","protected":false},"author":3,"featured_media":16441,"comment_status":"open","ping_status":"open","sticky":false,"template":"","format":"standard","meta":{"footnotes":""},"categories":[145,43],"tags":[146],"class_list":["post-16440","post","type-post","status-publish","format-standard","has-post-thumbnail","hentry","category-geopolitica-y-trabajo","category-programas","tag-geopolitica-y-trabajo","have-post-thumb"],"_links":{"self":[{"href":"http:\/\/fmradiocristal.com.ar\/home-1\/wp-json\/wp\/v2\/posts\/16440","targetHints":{"allow":["GET"]}}],"collection":[{"href":"http:\/\/fmradiocristal.com.ar\/home-1\/wp-json\/wp\/v2\/posts"}],"about":[{"href":"http:\/\/fmradiocristal.com.ar\/home-1\/wp-json\/wp\/v2\/types\/post"}],"author":[{"embeddable":true,"href":"http:\/\/fmradiocristal.com.ar\/home-1\/wp-json\/wp\/v2\/users\/3"}],"replies":[{"embeddable":true,"href":"http:\/\/fmradiocristal.com.ar\/home-1\/wp-json\/wp\/v2\/comments?post=16440"}],"version-history":[{"count":1,"href":"http:\/\/fmradiocristal.com.ar\/home-1\/wp-json\/wp\/v2\/posts\/16440\/revisions"}],"predecessor-version":[{"id":16442,"href":"http:\/\/fmradiocristal.com.ar\/home-1\/wp-json\/wp\/v2\/posts\/16440\/revisions\/16442"}],"wp:featuredmedia":[{"embeddable":true,"href":"http:\/\/fmradiocristal.com.ar\/home-1\/wp-json\/wp\/v2\/media\/16441"}],"wp:attachment":[{"href":"http:\/\/fmradiocristal.com.ar\/home-1\/wp-json\/wp\/v2\/media?parent=16440"}],"wp:term":[{"taxonomy":"category","embeddable":true,"href":"http:\/\/fmradiocristal.com.ar\/home-1\/wp-json\/wp\/v2\/categories?post=16440"},{"taxonomy":"post_tag","embeddable":true,"href":"http:\/\/fmradiocristal.com.ar\/home-1\/wp-json\/wp\/v2\/tags?post=16440"}],"curies":[{"name":"wp","href":"https:\/\/api.w.org\/{rel}","templated":true}]}}