{"id":17886,"date":"2026-08-13T22:43:00","date_gmt":"2026-08-14T01:43:00","guid":{"rendered":"https:\/\/fmradiocristal.com.ar\/home-1\/?p=17886"},"modified":"2026-08-13T22:43:00","modified_gmt":"2026-08-14T01:43:00","slug":"cultura-energetica-234","status":"publish","type":"post","link":"http:\/\/fmradiocristal.com.ar\/home-1\/cultura-energetica-234\/","title":{"rendered":"Cultura energ\u00e9tica"},"content":{"rendered":"<p>Cultura energ\u00e9tica<\/p>\n<p>Dialogamos con Juan Carlos Corti\u00f1as habl\u00f3 de Brasil, los BRICS y Argentina.<\/p>\n<p>&nbsp;<\/p>\n<p><iframe title=\"Cultura energ\u00e9tica - Programa completo (13\/08\/2026)\" width=\"1200\" height=\"675\" src=\"https:\/\/www.youtube.com\/embed\/Y-gl6Xz5nOE?feature=oembed\" frameborder=\"0\" allow=\"accelerometer; autoplay; clipboard-write; encrypted-media; gyroscope; picture-in-picture; web-share\" referrerpolicy=\"strict-origin-when-cross-origin\" allowfullscreen><\/iframe><\/p>\n","protected":false},"excerpt":{"rendered":"<p>Cultura energ\u00e9tica Dialogamos con Juan Carlos Corti\u00f1as habl\u00f3 de Brasil, los BRICS y Argentina. &nbsp;<\/p>\n","protected":false},"author":3,"featured_media":17887,"comment_status":"open","ping_status":"open","sticky":false,"template":"","format":"standard","meta":{"footnotes":""},"categories":[50,43],"tags":[79],"class_list":["post-17886","post","type-post","status-publish","format-standard","has-post-thumbnail","hentry","category-cultura-energetica","category-programas","tag-cultura-energetica","have-post-thumb"],"_links":{"self":[{"href":"http:\/\/fmradiocristal.com.ar\/home-1\/wp-json\/wp\/v2\/posts\/17886","targetHints":{"allow":["GET"]}}],"collection":[{"href":"http:\/\/fmradiocristal.com.ar\/home-1\/wp-json\/wp\/v2\/posts"}],"about":[{"href":"http:\/\/fmradiocristal.com.ar\/home-1\/wp-json\/wp\/v2\/types\/post"}],"author":[{"embeddable":true,"href":"http:\/\/fmradiocristal.com.ar\/home-1\/wp-json\/wp\/v2\/users\/3"}],"replies":[{"embeddable":true,"href":"http:\/\/fmradiocristal.com.ar\/home-1\/wp-json\/wp\/v2\/comments?post=17886"}],"version-history":[{"count":1,"href":"http:\/\/fmradiocristal.com.ar\/home-1\/wp-json\/wp\/v2\/posts\/17886\/revisions"}],"predecessor-version":[{"id":17888,"href":"http:\/\/fmradiocristal.com.ar\/home-1\/wp-json\/wp\/v2\/posts\/17886\/revisions\/17888"}],"wp:featuredmedia":[{"embeddable":true,"href":"http:\/\/fmradiocristal.com.ar\/home-1\/wp-json\/wp\/v2\/media\/17887"}],"wp:attachment":[{"href":"http:\/\/fmradiocristal.com.ar\/home-1\/wp-json\/wp\/v2\/media?parent=17886"}],"wp:term":[{"taxonomy":"category","embeddable":true,"href":"http:\/\/fmradiocristal.com.ar\/home-1\/wp-json\/wp\/v2\/categories?post=17886"},{"taxonomy":"post_tag","embeddable":true,"href":"http:\/\/fmradiocristal.com.ar\/home-1\/wp-json\/wp\/v2\/tags?post=17886"}],"curies":[{"name":"wp","href":"https:\/\/api.w.org\/{rel}","templated":true}]}}