{"id":17901,"date":"2026-08-14T19:55:57","date_gmt":"2026-08-14T22:55:57","guid":{"rendered":"https:\/\/fmradiocristal.com.ar\/home-1\/?p=17901"},"modified":"2026-08-15T19:57:04","modified_gmt":"2026-08-15T22:57:04","slug":"ciencia-y-tecnologia-para-el-desarrollo-nacional-47","status":"publish","type":"post","link":"http:\/\/fmradiocristal.com.ar\/home-1\/ciencia-y-tecnologia-para-el-desarrollo-nacional-47\/","title":{"rendered":"Ciencia y tecnolog\u00eda para el desarrollo nacional"},"content":{"rendered":"<p>&nbsp;<\/p>\n<p>Ciencia y tecnolog\u00eda para el desarrollo nacional<\/p>\n<p>El ser o no ser una pol\u00edtica nuclear al servicio de la Naci\u00f3n.<\/p>\n<p><iframe title=\"Ciencia y tecnolog\u00eda para el desarrollo nacional - Programa completo (14\/08\/2026)\" width=\"1200\" height=\"675\" src=\"https:\/\/www.youtube.com\/embed\/vqfcCkLwQKs?feature=oembed\" frameborder=\"0\" allow=\"accelerometer; autoplay; clipboard-write; encrypted-media; gyroscope; picture-in-picture; web-share\" referrerpolicy=\"strict-origin-when-cross-origin\" allowfullscreen><\/iframe><\/p>\n","protected":false},"excerpt":{"rendered":"<p>&nbsp; Ciencia y tecnolog\u00eda para el desarrollo nacional El ser o no ser una pol\u00edtica nuclear al servicio de la Naci\u00f3n.<\/p>\n","protected":false},"author":3,"featured_media":17902,"comment_status":"open","ping_status":"open","sticky":false,"template":"","format":"standard","meta":{"footnotes":""},"categories":[137,43],"tags":[140],"class_list":["post-17901","post","type-post","status-publish","format-standard","has-post-thumbnail","hentry","category-ciencia-y-tecnologia","category-programas","tag-ciencia-y-tecnologia","have-post-thumb"],"_links":{"self":[{"href":"http:\/\/fmradiocristal.com.ar\/home-1\/wp-json\/wp\/v2\/posts\/17901","targetHints":{"allow":["GET"]}}],"collection":[{"href":"http:\/\/fmradiocristal.com.ar\/home-1\/wp-json\/wp\/v2\/posts"}],"about":[{"href":"http:\/\/fmradiocristal.com.ar\/home-1\/wp-json\/wp\/v2\/types\/post"}],"author":[{"embeddable":true,"href":"http:\/\/fmradiocristal.com.ar\/home-1\/wp-json\/wp\/v2\/users\/3"}],"replies":[{"embeddable":true,"href":"http:\/\/fmradiocristal.com.ar\/home-1\/wp-json\/wp\/v2\/comments?post=17901"}],"version-history":[{"count":1,"href":"http:\/\/fmradiocristal.com.ar\/home-1\/wp-json\/wp\/v2\/posts\/17901\/revisions"}],"predecessor-version":[{"id":17903,"href":"http:\/\/fmradiocristal.com.ar\/home-1\/wp-json\/wp\/v2\/posts\/17901\/revisions\/17903"}],"wp:featuredmedia":[{"embeddable":true,"href":"http:\/\/fmradiocristal.com.ar\/home-1\/wp-json\/wp\/v2\/media\/17902"}],"wp:attachment":[{"href":"http:\/\/fmradiocristal.com.ar\/home-1\/wp-json\/wp\/v2\/media?parent=17901"}],"wp:term":[{"taxonomy":"category","embeddable":true,"href":"http:\/\/fmradiocristal.com.ar\/home-1\/wp-json\/wp\/v2\/categories?post=17901"},{"taxonomy":"post_tag","embeddable":true,"href":"http:\/\/fmradiocristal.com.ar\/home-1\/wp-json\/wp\/v2\/tags?post=17901"}],"curies":[{"name":"wp","href":"https:\/\/api.w.org\/{rel}","templated":true}]}}