{"id":18056,"date":"2026-09-03T20:07:42","date_gmt":"2026-09-03T23:07:42","guid":{"rendered":"https:\/\/fmradiocristal.com.ar\/home-1\/?p=18056"},"modified":"2026-09-03T20:07:42","modified_gmt":"2026-09-03T23:07:42","slug":"dialogo-argentino-americano-86","status":"publish","type":"post","link":"http:\/\/fmradiocristal.com.ar\/home-1\/dialogo-argentino-americano-86\/","title":{"rendered":"Di\u00e1logo argentino-americano"},"content":{"rendered":"<p>Di\u00e1logo argentino-americano<\/p>\n<p>Junto a Gabriel Puricelli, analizamos lo \u00faltimo en geopol\u00edtica nacional e internacional.<\/p>\n<p><iframe title=\"Dialogo Argentino Americano - Programa completo (03\/09\/2026)\" width=\"1200\" height=\"675\" src=\"https:\/\/www.youtube.com\/embed\/6IYTQe57mtw?feature=oembed\" frameborder=\"0\" allow=\"accelerometer; autoplay; clipboard-write; encrypted-media; gyroscope; picture-in-picture; web-share\" referrerpolicy=\"strict-origin-when-cross-origin\" allowfullscreen><\/iframe><\/p>\n","protected":false},"excerpt":{"rendered":"<p>Di\u00e1logo argentino-americano Junto a Gabriel Puricelli, analizamos lo \u00faltimo en geopol\u00edtica nacional e internacional.<\/p>\n","protected":false},"author":3,"featured_media":18057,"comment_status":"open","ping_status":"open","sticky":false,"template":"","format":"standard","meta":{"footnotes":""},"categories":[147,43],"tags":[148],"class_list":["post-18056","post","type-post","status-publish","format-standard","has-post-thumbnail","hentry","category-dialogo-argentino-americano","category-programas","tag-dialogo-argentino-americano","have-post-thumb"],"_links":{"self":[{"href":"http:\/\/fmradiocristal.com.ar\/home-1\/wp-json\/wp\/v2\/posts\/18056","targetHints":{"allow":["GET"]}}],"collection":[{"href":"http:\/\/fmradiocristal.com.ar\/home-1\/wp-json\/wp\/v2\/posts"}],"about":[{"href":"http:\/\/fmradiocristal.com.ar\/home-1\/wp-json\/wp\/v2\/types\/post"}],"author":[{"embeddable":true,"href":"http:\/\/fmradiocristal.com.ar\/home-1\/wp-json\/wp\/v2\/users\/3"}],"replies":[{"embeddable":true,"href":"http:\/\/fmradiocristal.com.ar\/home-1\/wp-json\/wp\/v2\/comments?post=18056"}],"version-history":[{"count":1,"href":"http:\/\/fmradiocristal.com.ar\/home-1\/wp-json\/wp\/v2\/posts\/18056\/revisions"}],"predecessor-version":[{"id":18058,"href":"http:\/\/fmradiocristal.com.ar\/home-1\/wp-json\/wp\/v2\/posts\/18056\/revisions\/18058"}],"wp:featuredmedia":[{"embeddable":true,"href":"http:\/\/fmradiocristal.com.ar\/home-1\/wp-json\/wp\/v2\/media\/18057"}],"wp:attachment":[{"href":"http:\/\/fmradiocristal.com.ar\/home-1\/wp-json\/wp\/v2\/media?parent=18056"}],"wp:term":[{"taxonomy":"category","embeddable":true,"href":"http:\/\/fmradiocristal.com.ar\/home-1\/wp-json\/wp\/v2\/categories?post=18056"},{"taxonomy":"post_tag","embeddable":true,"href":"http:\/\/fmradiocristal.com.ar\/home-1\/wp-json\/wp\/v2\/tags?post=18056"}],"curies":[{"name":"wp","href":"https:\/\/api.w.org\/{rel}","templated":true}]}}