{"id":18082,"date":"2026-09-03T23:12:54","date_gmt":"2026-09-04T02:12:54","guid":{"rendered":"https:\/\/fmradiocristal.com.ar\/home-1\/?p=18082"},"modified":"2026-09-03T23:12:54","modified_gmt":"2026-09-04T02:12:54","slug":"geopolitica-y-trabajo-77","status":"publish","type":"post","link":"http:\/\/fmradiocristal.com.ar\/home-1\/geopolitica-y-trabajo-77\/","title":{"rendered":"Geopol\u00edtica y trabajo"},"content":{"rendered":"<p>Geopol\u00edtica y trabajo<\/p>\n<p>Justicia social vs. injusticia social: un an\u00e1lisis sobre las tensiones, desaf\u00edos y diferentes miradas que atraviesan a la sociedad y el mundo del trabajo.<\/p>\n<p>&nbsp;<\/p>\n<p><iframe title=\"Geopol\u00edtica y trabajo - Programa completo (02\/09\/2026)\" width=\"1200\" height=\"675\" src=\"https:\/\/www.youtube.com\/embed\/2WJevCPoNtA?feature=oembed\" frameborder=\"0\" allow=\"accelerometer; autoplay; clipboard-write; encrypted-media; gyroscope; picture-in-picture; web-share\" referrerpolicy=\"strict-origin-when-cross-origin\" allowfullscreen><\/iframe><\/p>\n","protected":false},"excerpt":{"rendered":"<p>Geopol\u00edtica y trabajo Justicia social vs. injusticia social: un an\u00e1lisis sobre las tensiones, desaf\u00edos y diferentes miradas que atraviesan a la sociedad y el mundo del trabajo. &nbsp;<\/p>\n","protected":false},"author":3,"featured_media":18083,"comment_status":"open","ping_status":"open","sticky":false,"template":"","format":"standard","meta":{"footnotes":""},"categories":[145,43],"tags":[146],"class_list":["post-18082","post","type-post","status-publish","format-standard","has-post-thumbnail","hentry","category-geopolitica-y-trabajo","category-programas","tag-geopolitica-y-trabajo","have-post-thumb"],"_links":{"self":[{"href":"http:\/\/fmradiocristal.com.ar\/home-1\/wp-json\/wp\/v2\/posts\/18082","targetHints":{"allow":["GET"]}}],"collection":[{"href":"http:\/\/fmradiocristal.com.ar\/home-1\/wp-json\/wp\/v2\/posts"}],"about":[{"href":"http:\/\/fmradiocristal.com.ar\/home-1\/wp-json\/wp\/v2\/types\/post"}],"author":[{"embeddable":true,"href":"http:\/\/fmradiocristal.com.ar\/home-1\/wp-json\/wp\/v2\/users\/3"}],"replies":[{"embeddable":true,"href":"http:\/\/fmradiocristal.com.ar\/home-1\/wp-json\/wp\/v2\/comments?post=18082"}],"version-history":[{"count":1,"href":"http:\/\/fmradiocristal.com.ar\/home-1\/wp-json\/wp\/v2\/posts\/18082\/revisions"}],"predecessor-version":[{"id":18084,"href":"http:\/\/fmradiocristal.com.ar\/home-1\/wp-json\/wp\/v2\/posts\/18082\/revisions\/18084"}],"wp:featuredmedia":[{"embeddable":true,"href":"http:\/\/fmradiocristal.com.ar\/home-1\/wp-json\/wp\/v2\/media\/18083"}],"wp:attachment":[{"href":"http:\/\/fmradiocristal.com.ar\/home-1\/wp-json\/wp\/v2\/media?parent=18082"}],"wp:term":[{"taxonomy":"category","embeddable":true,"href":"http:\/\/fmradiocristal.com.ar\/home-1\/wp-json\/wp\/v2\/categories?post=18082"},{"taxonomy":"post_tag","embeddable":true,"href":"http:\/\/fmradiocristal.com.ar\/home-1\/wp-json\/wp\/v2\/tags?post=18082"}],"curies":[{"name":"wp","href":"https:\/\/api.w.org\/{rel}","templated":true}]}}