{"id":18085,"date":"2026-09-02T23:12:57","date_gmt":"2026-09-03T02:12:57","guid":{"rendered":"https:\/\/fmradiocristal.com.ar\/home-1\/?p=18085"},"modified":"2026-09-03T23:14:23","modified_gmt":"2026-09-04T02:14:23","slug":"ecos-49","status":"publish","type":"post","link":"http:\/\/fmradiocristal.com.ar\/home-1\/ecos-49\/","title":{"rendered":"Ecos"},"content":{"rendered":"<p>Ecos<\/p>\n<p>Con la conducci\u00f3n de Alejandra Vela y Miguel Chej Muse y la compa\u00f1\u00eda de lujo de Marta Liotto para conversar sobre la desregulaci\u00f3n inmobiliaria, el proyecto de ley y toda la actualidad del mercado inmobiliario.<\/p>\n<p><iframe title=\"Ecos - Programa completo (02\/09\/2026)\" width=\"1200\" height=\"675\" src=\"https:\/\/www.youtube.com\/embed\/kM0nLqH_zEg?feature=oembed\" frameborder=\"0\" allow=\"accelerometer; autoplay; clipboard-write; encrypted-media; gyroscope; picture-in-picture; web-share\" referrerpolicy=\"strict-origin-when-cross-origin\" allowfullscreen><\/iframe><\/p>\n","protected":false},"excerpt":{"rendered":"<p>Ecos Con la conducci\u00f3n de Alejandra Vela y Miguel Chej Muse y la compa\u00f1\u00eda de lujo de Marta Liotto para conversar sobre la desregulaci\u00f3n inmobiliaria, el proyecto de ley y toda la actualidad del mercado inmobiliario.<\/p>\n","protected":false},"author":3,"featured_media":18086,"comment_status":"open","ping_status":"open","sticky":false,"template":"","format":"standard","meta":{"footnotes":""},"categories":[170,43],"tags":[171],"class_list":["post-18085","post","type-post","status-publish","format-standard","has-post-thumbnail","hentry","category-ecos","category-programas","tag-ecos","have-post-thumb"],"_links":{"self":[{"href":"http:\/\/fmradiocristal.com.ar\/home-1\/wp-json\/wp\/v2\/posts\/18085","targetHints":{"allow":["GET"]}}],"collection":[{"href":"http:\/\/fmradiocristal.com.ar\/home-1\/wp-json\/wp\/v2\/posts"}],"about":[{"href":"http:\/\/fmradiocristal.com.ar\/home-1\/wp-json\/wp\/v2\/types\/post"}],"author":[{"embeddable":true,"href":"http:\/\/fmradiocristal.com.ar\/home-1\/wp-json\/wp\/v2\/users\/3"}],"replies":[{"embeddable":true,"href":"http:\/\/fmradiocristal.com.ar\/home-1\/wp-json\/wp\/v2\/comments?post=18085"}],"version-history":[{"count":1,"href":"http:\/\/fmradiocristal.com.ar\/home-1\/wp-json\/wp\/v2\/posts\/18085\/revisions"}],"predecessor-version":[{"id":18087,"href":"http:\/\/fmradiocristal.com.ar\/home-1\/wp-json\/wp\/v2\/posts\/18085\/revisions\/18087"}],"wp:featuredmedia":[{"embeddable":true,"href":"http:\/\/fmradiocristal.com.ar\/home-1\/wp-json\/wp\/v2\/media\/18086"}],"wp:attachment":[{"href":"http:\/\/fmradiocristal.com.ar\/home-1\/wp-json\/wp\/v2\/media?parent=18085"}],"wp:term":[{"taxonomy":"category","embeddable":true,"href":"http:\/\/fmradiocristal.com.ar\/home-1\/wp-json\/wp\/v2\/categories?post=18085"},{"taxonomy":"post_tag","embeddable":true,"href":"http:\/\/fmradiocristal.com.ar\/home-1\/wp-json\/wp\/v2\/tags?post=18085"}],"curies":[{"name":"wp","href":"https:\/\/api.w.org\/{rel}","templated":true}]}}