{"id":6834,"date":"2024-03-29T11:24:16","date_gmt":"2024-03-29T14:24:16","guid":{"rendered":"http:\/\/fmradiocristal.com.ar\/home-1\/?p=6834"},"modified":"2024-03-30T11:32:03","modified_gmt":"2024-03-30T14:32:03","slug":"lado-z-9","status":"publish","type":"post","link":"http:\/\/fmradiocristal.com.ar\/home-1\/lado-z-9\/","title":{"rendered":"Lado Z"},"content":{"rendered":"<p>Arrancamos el feriado a pleno Lado Z repasando las noticias del pa\u00eds y del mundo acompa\u00f1ado de la mejor m\u00fasica.<\/p>\n<p>Entrevistamos al #cabe creador del @rockenbaradero en la previa del festival de este fin de semana.<\/p>\n<p>Adem\u00e1s, ya que estaban en sus casas decidimos escuchar toda la m\u00fasica que nos ped\u00edan nuestros oyentes y les regalamos una nota con @virusoficial prepar\u00e1ndonos para el show en @movistararenaar del pr\u00f3ximo\u00a012\u00a0de\u00a0abril.<\/p>\n<audio class=\"wp-audio-shortcode\" id=\"audio-6834-1\" preload=\"none\" style=\"width: 100%;\" controls=\"controls\"><source type=\"audio\/mpeg\" src=\"http:\/\/fmradiocristal.com.ar\/wp-content\/uploads\/2024\/03\/Lado-Z-29-03.mp3?_=1\" \/><a href=\"http:\/\/fmradiocristal.com.ar\/wp-content\/uploads\/2024\/03\/Lado-Z-29-03.mp3\">http:\/\/fmradiocristal.com.ar\/wp-content\/uploads\/2024\/03\/Lado-Z-29-03.mp3<\/a><\/audio>\n<p><a href=\"http:\/\/fmradiocristal.com.ar\/wp-content\/uploads\/2024\/03\/Imagen-de-WhatsApp-2024-03-29-a-las-15.17.35_8b12dc0c.jpg\"><img fetchpriority=\"high\" decoding=\"async\" class=\"alignnone size-full wp-image-6837\" src=\"http:\/\/fmradiocristal.com.ar\/wp-content\/uploads\/2024\/03\/Imagen-de-WhatsApp-2024-03-29-a-las-15.17.35_8b12dc0c.jpg\" alt=\"\" width=\"1200\" height=\"1500\" srcset=\"http:\/\/fmradiocristal.com.ar\/wp-content\/uploads\/2024\/03\/Imagen-de-WhatsApp-2024-03-29-a-las-15.17.35_8b12dc0c.jpg 1200w, http:\/\/fmradiocristal.com.ar\/wp-content\/uploads\/2024\/03\/Imagen-de-WhatsApp-2024-03-29-a-las-15.17.35_8b12dc0c-240x300.jpg 240w, http:\/\/fmradiocristal.com.ar\/wp-content\/uploads\/2024\/03\/Imagen-de-WhatsApp-2024-03-29-a-las-15.17.35_8b12dc0c-819x1024.jpg 819w, http:\/\/fmradiocristal.com.ar\/wp-content\/uploads\/2024\/03\/Imagen-de-WhatsApp-2024-03-29-a-las-15.17.35_8b12dc0c-768x960.jpg 768w\" sizes=\"(max-width: 1200px) 100vw, 1200px\" \/><\/a><\/p>\n","protected":false},"excerpt":{"rendered":"<p>Arrancamos el feriado a pleno Lado Z repasando las noticias del pa\u00eds y del mundo acompa\u00f1ado de la mejor m\u00fasica. Entrevistamos al #cabe creador del @rockenbaradero en la previa del festival de este fin de semana. Adem\u00e1s, ya que estaban en sus casas decidimos escuchar toda la m\u00fasica que nos ped\u00edan nuestros oyentes y les&#8230;<\/p>\n","protected":false},"author":3,"featured_media":6835,"comment_status":"open","ping_status":"open","sticky":false,"template":"","format":"standard","meta":{"footnotes":""},"categories":[87,67,43],"tags":[88],"class_list":["post-6834","post","type-post","status-publish","format-standard","has-post-thumbnail","hentry","category-lado-z","category-politicamente-incorrectos","category-programas","tag-lado-z","have-post-thumb"],"_links":{"self":[{"href":"http:\/\/fmradiocristal.com.ar\/home-1\/wp-json\/wp\/v2\/posts\/6834","targetHints":{"allow":["GET"]}}],"collection":[{"href":"http:\/\/fmradiocristal.com.ar\/home-1\/wp-json\/wp\/v2\/posts"}],"about":[{"href":"http:\/\/fmradiocristal.com.ar\/home-1\/wp-json\/wp\/v2\/types\/post"}],"author":[{"embeddable":true,"href":"http:\/\/fmradiocristal.com.ar\/home-1\/wp-json\/wp\/v2\/users\/3"}],"replies":[{"embeddable":true,"href":"http:\/\/fmradiocristal.com.ar\/home-1\/wp-json\/wp\/v2\/comments?post=6834"}],"version-history":[{"count":1,"href":"http:\/\/fmradiocristal.com.ar\/home-1\/wp-json\/wp\/v2\/posts\/6834\/revisions"}],"predecessor-version":[{"id":6838,"href":"http:\/\/fmradiocristal.com.ar\/home-1\/wp-json\/wp\/v2\/posts\/6834\/revisions\/6838"}],"wp:featuredmedia":[{"embeddable":true,"href":"http:\/\/fmradiocristal.com.ar\/home-1\/wp-json\/wp\/v2\/media\/6835"}],"wp:attachment":[{"href":"http:\/\/fmradiocristal.com.ar\/home-1\/wp-json\/wp\/v2\/media?parent=6834"}],"wp:term":[{"taxonomy":"category","embeddable":true,"href":"http:\/\/fmradiocristal.com.ar\/home-1\/wp-json\/wp\/v2\/categories?post=6834"},{"taxonomy":"post_tag","embeddable":true,"href":"http:\/\/fmradiocristal.com.ar\/home-1\/wp-json\/wp\/v2\/tags?post=6834"}],"curies":[{"name":"wp","href":"https:\/\/api.w.org\/{rel}","templated":true}]}}