{"id":6860,"date":"2024-04-01T18:51:57","date_gmt":"2024-04-01T21:51:57","guid":{"rendered":"http:\/\/fmradiocristal.com.ar\/home-1\/?p=6860"},"modified":"2024-04-01T18:52:48","modified_gmt":"2024-04-01T21:52:48","slug":"politicamente-incorrectos-24","status":"publish","type":"post","link":"http:\/\/fmradiocristal.com.ar\/home-1\/politicamente-incorrectos-24\/","title":{"rendered":"Pol\u00edticamente incorrectos"},"content":{"rendered":"<p>Gustavo Sosa y Ale Piaggi analizaron las noticias m\u00e1s importantes del pa\u00eds y del mundo.<\/p>\n<p>Tambi\u00e9n, conversaron y debatieron sobre la coyuntura\u00a0socioecon\u00f3mica.<\/p>\n<audio class=\"wp-audio-shortcode\" id=\"audio-6860-1\" preload=\"none\" style=\"width: 100%;\" controls=\"controls\"><source type=\"audio\/mpeg\" src=\"http:\/\/fmradiocristal.com.ar\/wp-content\/uploads\/2024\/04\/Politicamente-Incorrecto-Rec_04_01_24_2.mp3?_=1\" \/><a href=\"http:\/\/fmradiocristal.com.ar\/wp-content\/uploads\/2024\/04\/Politicamente-Incorrecto-Rec_04_01_24_2.mp3\">http:\/\/fmradiocristal.com.ar\/wp-content\/uploads\/2024\/04\/Politicamente-Incorrecto-Rec_04_01_24_2.mp3<\/a><\/audio>\n","protected":false},"excerpt":{"rendered":"<p>Gustavo Sosa y Ale Piaggi analizaron las noticias m\u00e1s importantes del pa\u00eds y del mundo. Tambi\u00e9n, conversaron y debatieron sobre la coyuntura\u00a0socioecon\u00f3mica.<\/p>\n","protected":false},"author":3,"featured_media":6861,"comment_status":"open","ping_status":"open","sticky":false,"template":"","format":"standard","meta":{"footnotes":""},"categories":[89,67,43],"tags":[68],"class_list":["post-6860","post","type-post","status-publish","format-standard","has-post-thumbnail","hentry","category-abril","category-politicamente-incorrectos","category-programas","tag-politicamente-incorrectos","have-post-thumb"],"_links":{"self":[{"href":"http:\/\/fmradiocristal.com.ar\/home-1\/wp-json\/wp\/v2\/posts\/6860","targetHints":{"allow":["GET"]}}],"collection":[{"href":"http:\/\/fmradiocristal.com.ar\/home-1\/wp-json\/wp\/v2\/posts"}],"about":[{"href":"http:\/\/fmradiocristal.com.ar\/home-1\/wp-json\/wp\/v2\/types\/post"}],"author":[{"embeddable":true,"href":"http:\/\/fmradiocristal.com.ar\/home-1\/wp-json\/wp\/v2\/users\/3"}],"replies":[{"embeddable":true,"href":"http:\/\/fmradiocristal.com.ar\/home-1\/wp-json\/wp\/v2\/comments?post=6860"}],"version-history":[{"count":2,"href":"http:\/\/fmradiocristal.com.ar\/home-1\/wp-json\/wp\/v2\/posts\/6860\/revisions"}],"predecessor-version":[{"id":6864,"href":"http:\/\/fmradiocristal.com.ar\/home-1\/wp-json\/wp\/v2\/posts\/6860\/revisions\/6864"}],"wp:featuredmedia":[{"embeddable":true,"href":"http:\/\/fmradiocristal.com.ar\/home-1\/wp-json\/wp\/v2\/media\/6861"}],"wp:attachment":[{"href":"http:\/\/fmradiocristal.com.ar\/home-1\/wp-json\/wp\/v2\/media?parent=6860"}],"wp:term":[{"taxonomy":"category","embeddable":true,"href":"http:\/\/fmradiocristal.com.ar\/home-1\/wp-json\/wp\/v2\/categories?post=6860"},{"taxonomy":"post_tag","embeddable":true,"href":"http:\/\/fmradiocristal.com.ar\/home-1\/wp-json\/wp\/v2\/tags?post=6860"}],"curies":[{"name":"wp","href":"https:\/\/api.w.org\/{rel}","templated":true}]}}