{"id":6881,"date":"2024-04-02T19:29:12","date_gmt":"2024-04-02T22:29:12","guid":{"rendered":"http:\/\/fmradiocristal.com.ar\/home-1\/?p=6881"},"modified":"2024-04-02T19:29:25","modified_gmt":"2024-04-02T22:29:25","slug":"politicamente-incorrectos-25","status":"publish","type":"post","link":"http:\/\/fmradiocristal.com.ar\/home-1\/politicamente-incorrectos-25\/","title":{"rendered":"Pol\u00edticamente incorrectos"},"content":{"rendered":"<p>En un programa especial por el 42\u00b0 aniversario de la Guerra de Malvinas homenajeamos a nuestros exveteranos y h\u00e9roes.<\/p>\n<p>Adem\u00e1s, repasamos varios temas musicales que hacen referencia al conflicto b\u00e9lico del\u00a0Atl\u00e1ntico\u00a0Sur<\/p>\n<audio class=\"wp-audio-shortcode\" id=\"audio-6881-1\" preload=\"none\" style=\"width: 100%;\" controls=\"controls\"><source type=\"audio\/mpeg\" src=\"http:\/\/fmradiocristal.com.ar\/wp-content\/uploads\/2024\/04\/Politicamente-Incorrecto-Rec_04_02_24_1.mp3?_=1\" \/><a href=\"http:\/\/fmradiocristal.com.ar\/wp-content\/uploads\/2024\/04\/Politicamente-Incorrecto-Rec_04_02_24_1.mp3\">http:\/\/fmradiocristal.com.ar\/wp-content\/uploads\/2024\/04\/Politicamente-Incorrecto-Rec_04_02_24_1.mp3<\/a><\/audio>\n","protected":false},"excerpt":{"rendered":"<p>En un programa especial por el 42\u00b0 aniversario de la Guerra de Malvinas homenajeamos a nuestros exveteranos y h\u00e9roes. Adem\u00e1s, repasamos varios temas musicales que hacen referencia al conflicto b\u00e9lico del\u00a0Atl\u00e1ntico\u00a0Sur<\/p>\n","protected":false},"author":3,"featured_media":6883,"comment_status":"open","ping_status":"open","sticky":false,"template":"","format":"standard","meta":{"footnotes":""},"categories":[89,67,43],"tags":[68],"class_list":["post-6881","post","type-post","status-publish","format-standard","has-post-thumbnail","hentry","category-abril","category-politicamente-incorrectos","category-programas","tag-politicamente-incorrectos","have-post-thumb"],"_links":{"self":[{"href":"http:\/\/fmradiocristal.com.ar\/home-1\/wp-json\/wp\/v2\/posts\/6881","targetHints":{"allow":["GET"]}}],"collection":[{"href":"http:\/\/fmradiocristal.com.ar\/home-1\/wp-json\/wp\/v2\/posts"}],"about":[{"href":"http:\/\/fmradiocristal.com.ar\/home-1\/wp-json\/wp\/v2\/types\/post"}],"author":[{"embeddable":true,"href":"http:\/\/fmradiocristal.com.ar\/home-1\/wp-json\/wp\/v2\/users\/3"}],"replies":[{"embeddable":true,"href":"http:\/\/fmradiocristal.com.ar\/home-1\/wp-json\/wp\/v2\/comments?post=6881"}],"version-history":[{"count":2,"href":"http:\/\/fmradiocristal.com.ar\/home-1\/wp-json\/wp\/v2\/posts\/6881\/revisions"}],"predecessor-version":[{"id":6885,"href":"http:\/\/fmradiocristal.com.ar\/home-1\/wp-json\/wp\/v2\/posts\/6881\/revisions\/6885"}],"wp:featuredmedia":[{"embeddable":true,"href":"http:\/\/fmradiocristal.com.ar\/home-1\/wp-json\/wp\/v2\/media\/6883"}],"wp:attachment":[{"href":"http:\/\/fmradiocristal.com.ar\/home-1\/wp-json\/wp\/v2\/media?parent=6881"}],"wp:term":[{"taxonomy":"category","embeddable":true,"href":"http:\/\/fmradiocristal.com.ar\/home-1\/wp-json\/wp\/v2\/categories?post=6881"},{"taxonomy":"post_tag","embeddable":true,"href":"http:\/\/fmradiocristal.com.ar\/home-1\/wp-json\/wp\/v2\/tags?post=6881"}],"curies":[{"name":"wp","href":"https:\/\/api.w.org\/{rel}","templated":true}]}}