{"id":6968,"date":"2024-04-08T19:23:16","date_gmt":"2024-04-08T22:23:16","guid":{"rendered":"http:\/\/fmradiocristal.com.ar\/home-1\/?p=6968"},"modified":"2024-04-08T19:23:16","modified_gmt":"2024-04-08T22:23:16","slug":"politicamente-incorrectos-26","status":"publish","type":"post","link":"http:\/\/fmradiocristal.com.ar\/home-1\/politicamente-incorrectos-26\/","title":{"rendered":"Pol\u00edticamente incorrectos"},"content":{"rendered":"<p>Dialogamos con el m\u00e9dico y director de Sanos Salud, Claudio Ponce sobre las palabras del ministro de Econom\u00eda, Luis Caputo, referido a las preagas: \u00bfse les fue la mano?<\/p>\n<p>Tambi\u00e9n, hablamos del ministro de Salud, Mario Russo sobre sus dichos de la epidemia del dengue.<\/p>\n<p>Por \u00faltimo, Ponce cont\u00f3 la historia de Sanos: nacimiento, misi\u00f3n, visi\u00f3n y su cobertura a\u00a0nivel\u00a0nacional.<\/p>\n<audio class=\"wp-audio-shortcode\" id=\"audio-6968-1\" preload=\"none\" style=\"width: 100%;\" controls=\"controls\"><source type=\"audio\/mpeg\" src=\"http:\/\/fmradiocristal.com.ar\/wp-content\/uploads\/2024\/04\/Politicamente-Incorrecto-Rec_04_08_2024_1.mp3?_=1\" \/><a href=\"http:\/\/fmradiocristal.com.ar\/wp-content\/uploads\/2024\/04\/Politicamente-Incorrecto-Rec_04_08_2024_1.mp3\">http:\/\/fmradiocristal.com.ar\/wp-content\/uploads\/2024\/04\/Politicamente-Incorrecto-Rec_04_08_2024_1.mp3<\/a><\/audio>\n","protected":false},"excerpt":{"rendered":"<p>Dialogamos con el m\u00e9dico y director de Sanos Salud, Claudio Ponce sobre las palabras del ministro de Econom\u00eda, Luis Caputo, referido a las preagas: \u00bfse les fue la mano? Tambi\u00e9n, hablamos del ministro de Salud, Mario Russo sobre sus dichos de la epidemia del dengue. Por \u00faltimo, Ponce cont\u00f3 la historia de Sanos: nacimiento, misi\u00f3n,&#8230;<\/p>\n","protected":false},"author":3,"featured_media":6970,"comment_status":"open","ping_status":"open","sticky":false,"template":"","format":"standard","meta":{"footnotes":""},"categories":[89,67,43],"tags":[68],"class_list":["post-6968","post","type-post","status-publish","format-standard","has-post-thumbnail","hentry","category-abril","category-politicamente-incorrectos","category-programas","tag-politicamente-incorrectos","have-post-thumb"],"_links":{"self":[{"href":"http:\/\/fmradiocristal.com.ar\/home-1\/wp-json\/wp\/v2\/posts\/6968","targetHints":{"allow":["GET"]}}],"collection":[{"href":"http:\/\/fmradiocristal.com.ar\/home-1\/wp-json\/wp\/v2\/posts"}],"about":[{"href":"http:\/\/fmradiocristal.com.ar\/home-1\/wp-json\/wp\/v2\/types\/post"}],"author":[{"embeddable":true,"href":"http:\/\/fmradiocristal.com.ar\/home-1\/wp-json\/wp\/v2\/users\/3"}],"replies":[{"embeddable":true,"href":"http:\/\/fmradiocristal.com.ar\/home-1\/wp-json\/wp\/v2\/comments?post=6968"}],"version-history":[{"count":1,"href":"http:\/\/fmradiocristal.com.ar\/home-1\/wp-json\/wp\/v2\/posts\/6968\/revisions"}],"predecessor-version":[{"id":6971,"href":"http:\/\/fmradiocristal.com.ar\/home-1\/wp-json\/wp\/v2\/posts\/6968\/revisions\/6971"}],"wp:featuredmedia":[{"embeddable":true,"href":"http:\/\/fmradiocristal.com.ar\/home-1\/wp-json\/wp\/v2\/media\/6970"}],"wp:attachment":[{"href":"http:\/\/fmradiocristal.com.ar\/home-1\/wp-json\/wp\/v2\/media?parent=6968"}],"wp:term":[{"taxonomy":"category","embeddable":true,"href":"http:\/\/fmradiocristal.com.ar\/home-1\/wp-json\/wp\/v2\/categories?post=6968"},{"taxonomy":"post_tag","embeddable":true,"href":"http:\/\/fmradiocristal.com.ar\/home-1\/wp-json\/wp\/v2\/tags?post=6968"}],"curies":[{"name":"wp","href":"https:\/\/api.w.org\/{rel}","templated":true}]}}