{"id":6991,"date":"2024-04-09T20:18:56","date_gmt":"2024-04-09T23:18:56","guid":{"rendered":"http:\/\/fmradiocristal.com.ar\/home-1\/?p=6991"},"modified":"2024-04-09T20:34:16","modified_gmt":"2024-04-09T23:34:16","slug":"politicamente-incorrectos-27","status":"publish","type":"post","link":"http:\/\/fmradiocristal.com.ar\/home-1\/politicamente-incorrectos-27\/","title":{"rendered":"Pol\u00edticamente incorrectos"},"content":{"rendered":"<p>Gustavo Sosa, con nombres y apellidos, denunci\u00f3 la corrupci\u00f3n en el sistema de transporte de la Provincia de C\u00f3rdoba.<\/p>\n<p>Adem\u00e1s, dialogamos con la hemat\u00f3loga, Estela Lucero Beltramone sobre la epidemia actual del dengue y sus consecuencias en temas\u00a0hemorr\u00e1gicos.<\/p>\n<audio class=\"wp-audio-shortcode\" id=\"audio-6991-1\" preload=\"none\" style=\"width: 100%;\" controls=\"controls\"><source type=\"audio\/mpeg\" src=\"http:\/\/fmradiocristal.com.ar\/wp-content\/uploads\/2024\/04\/Politicamente-Incorrecto-Rec_04_09_2024_2.mp3?_=1\" \/><a href=\"http:\/\/fmradiocristal.com.ar\/wp-content\/uploads\/2024\/04\/Politicamente-Incorrecto-Rec_04_09_2024_2.mp3\">http:\/\/fmradiocristal.com.ar\/wp-content\/uploads\/2024\/04\/Politicamente-Incorrecto-Rec_04_09_2024_2.mp3<\/a><\/audio>\n<p>&nbsp;<\/p>\n<p>&nbsp;<\/p>\n","protected":false},"excerpt":{"rendered":"<p>Gustavo Sosa, con nombres y apellidos, denunci\u00f3 la corrupci\u00f3n en el sistema de transporte de la Provincia de C\u00f3rdoba. Adem\u00e1s, dialogamos con la hemat\u00f3loga, Estela Lucero Beltramone sobre la epidemia actual del dengue y sus consecuencias en temas\u00a0hemorr\u00e1gicos. &nbsp; &nbsp;<\/p>\n","protected":false},"author":3,"featured_media":6992,"comment_status":"open","ping_status":"open","sticky":false,"template":"","format":"standard","meta":{"footnotes":""},"categories":[89,67,43],"tags":[68],"class_list":["post-6991","post","type-post","status-publish","format-standard","has-post-thumbnail","hentry","category-abril","category-politicamente-incorrectos","category-programas","tag-politicamente-incorrectos","have-post-thumb"],"_links":{"self":[{"href":"http:\/\/fmradiocristal.com.ar\/home-1\/wp-json\/wp\/v2\/posts\/6991","targetHints":{"allow":["GET"]}}],"collection":[{"href":"http:\/\/fmradiocristal.com.ar\/home-1\/wp-json\/wp\/v2\/posts"}],"about":[{"href":"http:\/\/fmradiocristal.com.ar\/home-1\/wp-json\/wp\/v2\/types\/post"}],"author":[{"embeddable":true,"href":"http:\/\/fmradiocristal.com.ar\/home-1\/wp-json\/wp\/v2\/users\/3"}],"replies":[{"embeddable":true,"href":"http:\/\/fmradiocristal.com.ar\/home-1\/wp-json\/wp\/v2\/comments?post=6991"}],"version-history":[{"count":3,"href":"http:\/\/fmradiocristal.com.ar\/home-1\/wp-json\/wp\/v2\/posts\/6991\/revisions"}],"predecessor-version":[{"id":7005,"href":"http:\/\/fmradiocristal.com.ar\/home-1\/wp-json\/wp\/v2\/posts\/6991\/revisions\/7005"}],"wp:featuredmedia":[{"embeddable":true,"href":"http:\/\/fmradiocristal.com.ar\/home-1\/wp-json\/wp\/v2\/media\/6992"}],"wp:attachment":[{"href":"http:\/\/fmradiocristal.com.ar\/home-1\/wp-json\/wp\/v2\/media?parent=6991"}],"wp:term":[{"taxonomy":"category","embeddable":true,"href":"http:\/\/fmradiocristal.com.ar\/home-1\/wp-json\/wp\/v2\/categories?post=6991"},{"taxonomy":"post_tag","embeddable":true,"href":"http:\/\/fmradiocristal.com.ar\/home-1\/wp-json\/wp\/v2\/tags?post=6991"}],"curies":[{"name":"wp","href":"https:\/\/api.w.org\/{rel}","templated":true}]}}