{"id":8239,"date":"2024-06-06T20:52:57","date_gmt":"2024-06-06T23:52:57","guid":{"rendered":"http:\/\/fmradiocristal.com.ar\/home-1\/?p=8239"},"modified":"2024-06-06T20:52:57","modified_gmt":"2024-06-06T23:52:57","slug":"educar-con-el-corazon-8","status":"publish","type":"post","link":"http:\/\/fmradiocristal.com.ar\/home-1\/educar-con-el-corazon-8\/","title":{"rendered":"Educar con el coraz\u00f3n"},"content":{"rendered":"<p>Dialogamos con Marcelo Isle\u00f1o, secretario de Relaciones Institucionales ATE INTI, sobre la realidad actual en el INTI.<\/p>\n<p>Adem\u00e1s, conversamos con la profesora de la materia Sociolog\u00eda en la carrera de Ciencia Pol\u00edtica de la Universidad Guillermo Brown y secretaria de G\u00e9nero y Diversidades de la Asociaci\u00f3n Docente ADUNaB, Ana Paula Gadea sobre la problem\u00e1tica de ni una menos.<\/p>\n<p>#niunamenos<\/p>\n<audio class=\"wp-audio-shortcode\" id=\"audio-8239-1\" preload=\"none\" style=\"width: 100%;\" controls=\"controls\"><source type=\"audio\/mpeg\" src=\"http:\/\/fmradiocristal.com.ar\/wp-content\/uploads\/2024\/06\/Educar-con-el-Corazon-20240606-160000.mp3?_=1\" \/><a href=\"http:\/\/fmradiocristal.com.ar\/wp-content\/uploads\/2024\/06\/Educar-con-el-Corazon-20240606-160000.mp3\">http:\/\/fmradiocristal.com.ar\/wp-content\/uploads\/2024\/06\/Educar-con-el-Corazon-20240606-160000.mp3<\/a><\/audio>\n","protected":false},"excerpt":{"rendered":"<p>Dialogamos con Marcelo Isle\u00f1o, secretario de Relaciones Institucionales ATE INTI, sobre la realidad actual en el INTI. Adem\u00e1s, conversamos con la profesora de la materia Sociolog\u00eda en la carrera de Ciencia Pol\u00edtica de la Universidad Guillermo Brown y secretaria de G\u00e9nero y Diversidades de la Asociaci\u00f3n Docente ADUNaB, Ana Paula Gadea sobre la problem\u00e1tica de&#8230;<\/p>\n","protected":false},"author":3,"featured_media":8241,"comment_status":"open","ping_status":"open","sticky":false,"template":"","format":"standard","meta":{"footnotes":""},"categories":[97,120,43],"tags":[98],"class_list":["post-8239","post","type-post","status-publish","format-standard","has-post-thumbnail","hentry","category-educar-con-el-corazon","category-junio-2024","category-programas","tag-educar-con-el-corazon","have-post-thumb"],"_links":{"self":[{"href":"http:\/\/fmradiocristal.com.ar\/home-1\/wp-json\/wp\/v2\/posts\/8239","targetHints":{"allow":["GET"]}}],"collection":[{"href":"http:\/\/fmradiocristal.com.ar\/home-1\/wp-json\/wp\/v2\/posts"}],"about":[{"href":"http:\/\/fmradiocristal.com.ar\/home-1\/wp-json\/wp\/v2\/types\/post"}],"author":[{"embeddable":true,"href":"http:\/\/fmradiocristal.com.ar\/home-1\/wp-json\/wp\/v2\/users\/3"}],"replies":[{"embeddable":true,"href":"http:\/\/fmradiocristal.com.ar\/home-1\/wp-json\/wp\/v2\/comments?post=8239"}],"version-history":[{"count":1,"href":"http:\/\/fmradiocristal.com.ar\/home-1\/wp-json\/wp\/v2\/posts\/8239\/revisions"}],"predecessor-version":[{"id":8242,"href":"http:\/\/fmradiocristal.com.ar\/home-1\/wp-json\/wp\/v2\/posts\/8239\/revisions\/8242"}],"wp:featuredmedia":[{"embeddable":true,"href":"http:\/\/fmradiocristal.com.ar\/home-1\/wp-json\/wp\/v2\/media\/8241"}],"wp:attachment":[{"href":"http:\/\/fmradiocristal.com.ar\/home-1\/wp-json\/wp\/v2\/media?parent=8239"}],"wp:term":[{"taxonomy":"category","embeddable":true,"href":"http:\/\/fmradiocristal.com.ar\/home-1\/wp-json\/wp\/v2\/categories?post=8239"},{"taxonomy":"post_tag","embeddable":true,"href":"http:\/\/fmradiocristal.com.ar\/home-1\/wp-json\/wp\/v2\/tags?post=8239"}],"curies":[{"name":"wp","href":"https:\/\/api.w.org\/{rel}","templated":true}]}}