{"id":10018,"date":"2024-09-20T22:04:50","date_gmt":"2024-09-21T01:04:50","guid":{"rendered":"https:\/\/fmradiocristal.com.ar\/home-1\/?p=10018"},"modified":"2024-09-20T22:06:10","modified_gmt":"2024-09-21T01:06:10","slug":"noticias-urbanas-3","status":"publish","type":"post","link":"https:\/\/fmradiocristal.com.ar\/home-1\/noticias-urbanas-3\/","title":{"rendered":"Noticias Urbanas"},"content":{"rendered":"<p>Hoy en Noticias Urbanas dialogamos con SILVIA SARAVIA, dirigente de Libres del Sur. para analizar la coyuntura de la actualidad.<br \/>\nTambi\u00e9n entrevistamos a DARDO FERN\u00c1NDEZ experto en medios y comunicaci\u00f3n. Dirige @DsDiarios en Ig y X- Juntos analizamos los medios de comunicaci\u00f3n y el periodismo hoy.<br \/>\nCULTURA ENER<br \/>\nHoy Ricardo dialog\u00f3 con Francisco Patricio Toto quien fuera dirigente Sindical Petrolero, vice-Gobernador de Santa Cruz , Diputado Nacional y Presidente del C\u00edrculo de Legisladores de la Naci\u00f3n. \u00bfHay oposici\u00f3n?<\/p>\n<p>&nbsp;<\/p>\n<p><iframe title=\"Noticias Urbanas - Programa Completo (20\/9\/2024)\" width=\"1200\" height=\"900\" src=\"https:\/\/www.youtube.com\/embed\/vx5aM6R8JNg?feature=oembed\" frameborder=\"0\" allow=\"accelerometer; autoplay; clipboard-write; encrypted-media; gyroscope; picture-in-picture; web-share\" referrerpolicy=\"strict-origin-when-cross-origin\" allowfullscreen><\/iframe><\/p>\n","protected":false},"excerpt":{"rendered":"<p>Hoy en Noticias Urbanas dialogamos con SILVIA SARAVIA, dirigente de Libres del Sur. para analizar la coyuntura de la actualidad. Tambi\u00e9n entrevistamos a DARDO FERN\u00c1NDEZ experto en medios y comunicaci\u00f3n. Dirige @DsDiarios en Ig y X- Juntos analizamos los medios de comunicaci\u00f3n y el periodismo hoy. CULTURA ENER Hoy Ricardo dialog\u00f3 con Francisco Patricio Toto&#8230;<\/p>\n","protected":false},"author":3,"featured_media":10019,"comment_status":"open","ping_status":"open","sticky":false,"template":"","format":"standard","meta":{"footnotes":""},"categories":[163,43,155],"tags":[164],"class_list":["post-10018","post","type-post","status-publish","format-standard","has-post-thumbnail","hentry","category-noticias-urbanas","category-programas","category-septiembre-2024","tag-noticias-urbanas","have-post-thumb"],"_links":{"self":[{"href":"https:\/\/fmradiocristal.com.ar\/home-1\/wp-json\/wp\/v2\/posts\/10018","targetHints":{"allow":["GET"]}}],"collection":[{"href":"https:\/\/fmradiocristal.com.ar\/home-1\/wp-json\/wp\/v2\/posts"}],"about":[{"href":"https:\/\/fmradiocristal.com.ar\/home-1\/wp-json\/wp\/v2\/types\/post"}],"author":[{"embeddable":true,"href":"https:\/\/fmradiocristal.com.ar\/home-1\/wp-json\/wp\/v2\/users\/3"}],"replies":[{"embeddable":true,"href":"https:\/\/fmradiocristal.com.ar\/home-1\/wp-json\/wp\/v2\/comments?post=10018"}],"version-history":[{"count":1,"href":"https:\/\/fmradiocristal.com.ar\/home-1\/wp-json\/wp\/v2\/posts\/10018\/revisions"}],"predecessor-version":[{"id":10020,"href":"https:\/\/fmradiocristal.com.ar\/home-1\/wp-json\/wp\/v2\/posts\/10018\/revisions\/10020"}],"wp:featuredmedia":[{"embeddable":true,"href":"https:\/\/fmradiocristal.com.ar\/home-1\/wp-json\/wp\/v2\/media\/10019"}],"wp:attachment":[{"href":"https:\/\/fmradiocristal.com.ar\/home-1\/wp-json\/wp\/v2\/media?parent=10018"}],"wp:term":[{"taxonomy":"category","embeddable":true,"href":"https:\/\/fmradiocristal.com.ar\/home-1\/wp-json\/wp\/v2\/categories?post=10018"},{"taxonomy":"post_tag","embeddable":true,"href":"https:\/\/fmradiocristal.com.ar\/home-1\/wp-json\/wp\/v2\/tags?post=10018"}],"curies":[{"name":"wp","href":"https:\/\/api.w.org\/{rel}","templated":true}]}}