{"id":10050,"date":"2024-09-23T21:22:10","date_gmt":"2024-09-24T00:22:10","guid":{"rendered":"https:\/\/fmradiocristal.com.ar\/home-1\/?p=10050"},"modified":"2024-09-23T21:22:10","modified_gmt":"2024-09-24T00:22:10","slug":"noticias-urbanas-4","status":"publish","type":"post","link":"https:\/\/fmradiocristal.com.ar\/home-1\/noticias-urbanas-4\/","title":{"rendered":"Noticias Urbanas"},"content":{"rendered":"<p>Hoy en Noticias Urbanas entrevistamos a Juan Jose Tufaro, Pte Frente Renovador CABA: La relaci\u00f3n Milei con Jorge Macri. Y adem\u00e1s dialogamos con analista y consultor Federico Gonz\u00e1lez, sobre las tendencias y que sucede en el oficialismo y la oposici\u00f3n.<\/p>\n<p>&nbsp;<\/p>\n<p><iframe title=\"Noticias Urbanas - Programa Completo (23\/9\/2024)\" width=\"1200\" height=\"900\" src=\"https:\/\/www.youtube.com\/embed\/9XNALzVIbro?feature=oembed\" frameborder=\"0\" allow=\"accelerometer; autoplay; clipboard-write; encrypted-media; gyroscope; picture-in-picture; web-share\" referrerpolicy=\"strict-origin-when-cross-origin\" allowfullscreen><\/iframe><\/p>\n","protected":false},"excerpt":{"rendered":"<p>Hoy en Noticias Urbanas entrevistamos a Juan Jose Tufaro, Pte Frente Renovador CABA: La relaci\u00f3n Milei con Jorge Macri. Y adem\u00e1s dialogamos con analista y consultor Federico Gonz\u00e1lez, sobre las tendencias y que sucede en el oficialismo y la oposici\u00f3n. &nbsp;<\/p>\n","protected":false},"author":3,"featured_media":10051,"comment_status":"open","ping_status":"open","sticky":false,"template":"","format":"standard","meta":{"footnotes":""},"categories":[163,43,155],"tags":[164],"class_list":["post-10050","post","type-post","status-publish","format-standard","has-post-thumbnail","hentry","category-noticias-urbanas","category-programas","category-septiembre-2024","tag-noticias-urbanas","have-post-thumb"],"_links":{"self":[{"href":"https:\/\/fmradiocristal.com.ar\/home-1\/wp-json\/wp\/v2\/posts\/10050","targetHints":{"allow":["GET"]}}],"collection":[{"href":"https:\/\/fmradiocristal.com.ar\/home-1\/wp-json\/wp\/v2\/posts"}],"about":[{"href":"https:\/\/fmradiocristal.com.ar\/home-1\/wp-json\/wp\/v2\/types\/post"}],"author":[{"embeddable":true,"href":"https:\/\/fmradiocristal.com.ar\/home-1\/wp-json\/wp\/v2\/users\/3"}],"replies":[{"embeddable":true,"href":"https:\/\/fmradiocristal.com.ar\/home-1\/wp-json\/wp\/v2\/comments?post=10050"}],"version-history":[{"count":1,"href":"https:\/\/fmradiocristal.com.ar\/home-1\/wp-json\/wp\/v2\/posts\/10050\/revisions"}],"predecessor-version":[{"id":10052,"href":"https:\/\/fmradiocristal.com.ar\/home-1\/wp-json\/wp\/v2\/posts\/10050\/revisions\/10052"}],"wp:featuredmedia":[{"embeddable":true,"href":"https:\/\/fmradiocristal.com.ar\/home-1\/wp-json\/wp\/v2\/media\/10051"}],"wp:attachment":[{"href":"https:\/\/fmradiocristal.com.ar\/home-1\/wp-json\/wp\/v2\/media?parent=10050"}],"wp:term":[{"taxonomy":"category","embeddable":true,"href":"https:\/\/fmradiocristal.com.ar\/home-1\/wp-json\/wp\/v2\/categories?post=10050"},{"taxonomy":"post_tag","embeddable":true,"href":"https:\/\/fmradiocristal.com.ar\/home-1\/wp-json\/wp\/v2\/tags?post=10050"}],"curies":[{"name":"wp","href":"https:\/\/api.w.org\/{rel}","templated":true}]}}