{"id":10081,"date":"2024-09-24T23:22:46","date_gmt":"2024-09-25T02:22:46","guid":{"rendered":"https:\/\/fmradiocristal.com.ar\/home-1\/?p=10081"},"modified":"2024-09-24T23:22:46","modified_gmt":"2024-09-25T02:22:46","slug":"clima-de-epoca-5","status":"publish","type":"post","link":"https:\/\/fmradiocristal.com.ar\/home-1\/clima-de-epoca-5\/","title":{"rendered":"Clima de \u00e9poca"},"content":{"rendered":"<p>Nos visit\u00f3 el director provincial de arqitectura de la Pcia de Buenos Aires: Rodolfo Macera. Hablamos e obra p\u00fablica y d\u00e9ficit de vivienda. Adem\u00e1s:_ Agenda 2030- Representaci\u00f3n en la ONU. Palabras del presidente ante el veto de los jubilados. La campana en Wall Street.<\/p>\n<p>&nbsp;<\/p>\n<p><iframe title=\"Clima de \u00e9poca - Programa Completo (24\/9\/2024)\" width=\"1200\" height=\"900\" src=\"https:\/\/www.youtube.com\/embed\/d9n6Ankcmrs?feature=oembed\" frameborder=\"0\" allow=\"accelerometer; autoplay; clipboard-write; encrypted-media; gyroscope; picture-in-picture; web-share\" referrerpolicy=\"strict-origin-when-cross-origin\" allowfullscreen><\/iframe><\/p>\n","protected":false},"excerpt":{"rendered":"<p>Nos visit\u00f3 el director provincial de arqitectura de la Pcia de Buenos Aires: Rodolfo Macera. Hablamos e obra p\u00fablica y d\u00e9ficit de vivienda. Adem\u00e1s:_ Agenda 2030- Representaci\u00f3n en la ONU. Palabras del presidente ante el veto de los jubilados. La campana en Wall Street. &nbsp;<\/p>\n","protected":false},"author":3,"featured_media":10082,"comment_status":"open","ping_status":"open","sticky":false,"template":"","format":"standard","meta":{"footnotes":""},"categories":[152,43,155],"tags":[153],"class_list":["post-10081","post","type-post","status-publish","format-standard","has-post-thumbnail","hentry","category-clima-de-epoca","category-programas","category-septiembre-2024","tag-clima-de-epoca","have-post-thumb"],"_links":{"self":[{"href":"https:\/\/fmradiocristal.com.ar\/home-1\/wp-json\/wp\/v2\/posts\/10081","targetHints":{"allow":["GET"]}}],"collection":[{"href":"https:\/\/fmradiocristal.com.ar\/home-1\/wp-json\/wp\/v2\/posts"}],"about":[{"href":"https:\/\/fmradiocristal.com.ar\/home-1\/wp-json\/wp\/v2\/types\/post"}],"author":[{"embeddable":true,"href":"https:\/\/fmradiocristal.com.ar\/home-1\/wp-json\/wp\/v2\/users\/3"}],"replies":[{"embeddable":true,"href":"https:\/\/fmradiocristal.com.ar\/home-1\/wp-json\/wp\/v2\/comments?post=10081"}],"version-history":[{"count":1,"href":"https:\/\/fmradiocristal.com.ar\/home-1\/wp-json\/wp\/v2\/posts\/10081\/revisions"}],"predecessor-version":[{"id":10083,"href":"https:\/\/fmradiocristal.com.ar\/home-1\/wp-json\/wp\/v2\/posts\/10081\/revisions\/10083"}],"wp:featuredmedia":[{"embeddable":true,"href":"https:\/\/fmradiocristal.com.ar\/home-1\/wp-json\/wp\/v2\/media\/10082"}],"wp:attachment":[{"href":"https:\/\/fmradiocristal.com.ar\/home-1\/wp-json\/wp\/v2\/media?parent=10081"}],"wp:term":[{"taxonomy":"category","embeddable":true,"href":"https:\/\/fmradiocristal.com.ar\/home-1\/wp-json\/wp\/v2\/categories?post=10081"},{"taxonomy":"post_tag","embeddable":true,"href":"https:\/\/fmradiocristal.com.ar\/home-1\/wp-json\/wp\/v2\/tags?post=10081"}],"curies":[{"name":"wp","href":"https:\/\/api.w.org\/{rel}","templated":true}]}}