{"id":10127,"date":"2024-09-26T22:43:34","date_gmt":"2024-09-27T01:43:34","guid":{"rendered":"https:\/\/fmradiocristal.com.ar\/home-1\/?p=10127"},"modified":"2024-09-26T22:43:34","modified_gmt":"2024-09-27T01:43:34","slug":"y-se-nos-vino-la-noche-75","status":"publish","type":"post","link":"https:\/\/fmradiocristal.com.ar\/home-1\/y-se-nos-vino-la-noche-75\/","title":{"rendered":"Y se nos vino la noche"},"content":{"rendered":"<p>Se conocieron las cifras de pobreza del primer semestre del 2024 y explicamos por qu\u00e9 es atribuible por completo al Gobierno de Milei sin deslindar las responsabilidades del gobierno anterior.<\/p>\n<p>Adem\u00e1s, dialogamos con el periodista y analista pol\u00edtico, Daniel Mojica, sobre disidencias entre Kirchnerismo y peronismo alentadas tras la muerte de N\u00e9stor\u00a0Kirchner.<\/p>\n<p><iframe title=\"Radio En Vivo\" width=\"1200\" height=\"900\" src=\"https:\/\/www.youtube.com\/embed\/742YN7JeCMY?feature=oembed\" frameborder=\"0\" allow=\"accelerometer; autoplay; clipboard-write; encrypted-media; gyroscope; picture-in-picture; web-share\" referrerpolicy=\"strict-origin-when-cross-origin\" allowfullscreen><\/iframe><\/p>\n","protected":false},"excerpt":{"rendered":"<p>Se conocieron las cifras de pobreza del primer semestre del 2024 y explicamos por qu\u00e9 es atribuible por completo al Gobierno de Milei sin deslindar las responsabilidades del gobierno anterior. Adem\u00e1s, dialogamos con el periodista y analista pol\u00edtico, Daniel Mojica, sobre disidencias entre Kirchnerismo y peronismo alentadas tras la muerte de N\u00e9stor\u00a0Kirchner.<\/p>\n","protected":false},"author":3,"featured_media":10129,"comment_status":"open","ping_status":"open","sticky":false,"template":"","format":"standard","meta":{"footnotes":""},"categories":[43,155,102],"tags":[103],"class_list":["post-10127","post","type-post","status-publish","format-standard","has-post-thumbnail","hentry","category-programas","category-septiembre-2024","category-y-se-nos-vino-la-noche","tag-y-se-nos-vino-la-noche","have-post-thumb"],"_links":{"self":[{"href":"https:\/\/fmradiocristal.com.ar\/home-1\/wp-json\/wp\/v2\/posts\/10127","targetHints":{"allow":["GET"]}}],"collection":[{"href":"https:\/\/fmradiocristal.com.ar\/home-1\/wp-json\/wp\/v2\/posts"}],"about":[{"href":"https:\/\/fmradiocristal.com.ar\/home-1\/wp-json\/wp\/v2\/types\/post"}],"author":[{"embeddable":true,"href":"https:\/\/fmradiocristal.com.ar\/home-1\/wp-json\/wp\/v2\/users\/3"}],"replies":[{"embeddable":true,"href":"https:\/\/fmradiocristal.com.ar\/home-1\/wp-json\/wp\/v2\/comments?post=10127"}],"version-history":[{"count":1,"href":"https:\/\/fmradiocristal.com.ar\/home-1\/wp-json\/wp\/v2\/posts\/10127\/revisions"}],"predecessor-version":[{"id":10130,"href":"https:\/\/fmradiocristal.com.ar\/home-1\/wp-json\/wp\/v2\/posts\/10127\/revisions\/10130"}],"wp:featuredmedia":[{"embeddable":true,"href":"https:\/\/fmradiocristal.com.ar\/home-1\/wp-json\/wp\/v2\/media\/10129"}],"wp:attachment":[{"href":"https:\/\/fmradiocristal.com.ar\/home-1\/wp-json\/wp\/v2\/media?parent=10127"}],"wp:term":[{"taxonomy":"category","embeddable":true,"href":"https:\/\/fmradiocristal.com.ar\/home-1\/wp-json\/wp\/v2\/categories?post=10127"},{"taxonomy":"post_tag","embeddable":true,"href":"https:\/\/fmradiocristal.com.ar\/home-1\/wp-json\/wp\/v2\/tags?post=10127"}],"curies":[{"name":"wp","href":"https:\/\/api.w.org\/{rel}","templated":true}]}}