{"id":10141,"date":"2024-09-27T23:52:48","date_gmt":"2024-09-28T02:52:48","guid":{"rendered":"https:\/\/fmradiocristal.com.ar\/home-1\/?p=10141"},"modified":"2024-09-27T23:52:48","modified_gmt":"2024-09-28T02:52:48","slug":"cultura-lechera-38","status":"publish","type":"post","link":"https:\/\/fmradiocristal.com.ar\/home-1\/cultura-lechera-38\/","title":{"rendered":"Cultura lechera"},"content":{"rendered":"<p>Dialogamos con Guillermo Galliano, fot\u00f3grafo de naturaleza y presidente de la Fundaci\u00f3n Mil Aves, sobre la situaci\u00f3n de los incendios en C\u00f3rdoba.<br \/>\nLa ONU y el medio ambiente.<br \/>\nHistoria de la Fundaci\u00f3n\u00a0Mil\u00a0Aves.<\/p>\n<p><iframe title=\"Cultura lechera  - Programa Completo (27\/9\/2024)\" width=\"1200\" height=\"900\" src=\"https:\/\/www.youtube.com\/embed\/OvuziiEHRoI?feature=oembed\" frameborder=\"0\" allow=\"accelerometer; autoplay; clipboard-write; encrypted-media; gyroscope; picture-in-picture; web-share\" referrerpolicy=\"strict-origin-when-cross-origin\" allowfullscreen><\/iframe><\/p>\n","protected":false},"excerpt":{"rendered":"<p>Dialogamos con Guillermo Galliano, fot\u00f3grafo de naturaleza y presidente de la Fundaci\u00f3n Mil Aves, sobre la situaci\u00f3n de los incendios en C\u00f3rdoba. La ONU y el medio ambiente. Historia de la Fundaci\u00f3n\u00a0Mil\u00a0Aves.<\/p>\n","protected":false},"author":3,"featured_media":10142,"comment_status":"open","ping_status":"open","sticky":false,"template":"","format":"standard","meta":{"footnotes":""},"categories":[62,43,155],"tags":[61],"class_list":["post-10141","post","type-post","status-publish","format-standard","has-post-thumbnail","hentry","category-cultura-lechera","category-programas","category-septiembre-2024","tag-cultura-lechera","have-post-thumb"],"_links":{"self":[{"href":"https:\/\/fmradiocristal.com.ar\/home-1\/wp-json\/wp\/v2\/posts\/10141","targetHints":{"allow":["GET"]}}],"collection":[{"href":"https:\/\/fmradiocristal.com.ar\/home-1\/wp-json\/wp\/v2\/posts"}],"about":[{"href":"https:\/\/fmradiocristal.com.ar\/home-1\/wp-json\/wp\/v2\/types\/post"}],"author":[{"embeddable":true,"href":"https:\/\/fmradiocristal.com.ar\/home-1\/wp-json\/wp\/v2\/users\/3"}],"replies":[{"embeddable":true,"href":"https:\/\/fmradiocristal.com.ar\/home-1\/wp-json\/wp\/v2\/comments?post=10141"}],"version-history":[{"count":1,"href":"https:\/\/fmradiocristal.com.ar\/home-1\/wp-json\/wp\/v2\/posts\/10141\/revisions"}],"predecessor-version":[{"id":10143,"href":"https:\/\/fmradiocristal.com.ar\/home-1\/wp-json\/wp\/v2\/posts\/10141\/revisions\/10143"}],"wp:featuredmedia":[{"embeddable":true,"href":"https:\/\/fmradiocristal.com.ar\/home-1\/wp-json\/wp\/v2\/media\/10142"}],"wp:attachment":[{"href":"https:\/\/fmradiocristal.com.ar\/home-1\/wp-json\/wp\/v2\/media?parent=10141"}],"wp:term":[{"taxonomy":"category","embeddable":true,"href":"https:\/\/fmradiocristal.com.ar\/home-1\/wp-json\/wp\/v2\/categories?post=10141"},{"taxonomy":"post_tag","embeddable":true,"href":"https:\/\/fmradiocristal.com.ar\/home-1\/wp-json\/wp\/v2\/tags?post=10141"}],"curies":[{"name":"wp","href":"https:\/\/api.w.org\/{rel}","templated":true}]}}