{"id":10144,"date":"2024-09-27T23:53:50","date_gmt":"2024-09-28T02:53:50","guid":{"rendered":"https:\/\/fmradiocristal.com.ar\/home-1\/?p=10144"},"modified":"2024-09-27T23:53:50","modified_gmt":"2024-09-28T02:53:50","slug":"cultura-energetica-67","status":"publish","type":"post","link":"https:\/\/fmradiocristal.com.ar\/home-1\/cultura-energetica-67\/","title":{"rendered":"Cultura energ\u00e9tica"},"content":{"rendered":"<p>Dialogamos con Gaby Weber que analiz\u00f3 la coyuntura pol\u00edtica y socioecon\u00f3mica de Alemania. La problem\u00e1tica de la ultraderecha.<\/p>\n<p>Adem\u00e1s, hablamos de las marchas y contramarchas con el v\u00ednculo con China y la posible privatizaci\u00f3n de Aerol\u00edneas\u00a0Argentinas.<\/p>\n<p><iframe title=\"Cultura energ\u00e9tica - Programa Completo (27\/9\/2024)\" width=\"1200\" height=\"900\" src=\"https:\/\/www.youtube.com\/embed\/uQr4NAP_gwY?feature=oembed\" frameborder=\"0\" allow=\"accelerometer; autoplay; clipboard-write; encrypted-media; gyroscope; picture-in-picture; web-share\" referrerpolicy=\"strict-origin-when-cross-origin\" allowfullscreen><\/iframe><\/p>\n","protected":false},"excerpt":{"rendered":"<p>Dialogamos con Gaby Weber que analiz\u00f3 la coyuntura pol\u00edtica y socioecon\u00f3mica de Alemania. La problem\u00e1tica de la ultraderecha. Adem\u00e1s, hablamos de las marchas y contramarchas con el v\u00ednculo con China y la posible privatizaci\u00f3n de Aerol\u00edneas\u00a0Argentinas.<\/p>\n","protected":false},"author":3,"featured_media":10145,"comment_status":"open","ping_status":"open","sticky":false,"template":"","format":"standard","meta":{"footnotes":""},"categories":[50,43,155],"tags":[79],"class_list":["post-10144","post","type-post","status-publish","format-standard","has-post-thumbnail","hentry","category-cultura-energetica","category-programas","category-septiembre-2024","tag-cultura-energetica","have-post-thumb"],"_links":{"self":[{"href":"https:\/\/fmradiocristal.com.ar\/home-1\/wp-json\/wp\/v2\/posts\/10144","targetHints":{"allow":["GET"]}}],"collection":[{"href":"https:\/\/fmradiocristal.com.ar\/home-1\/wp-json\/wp\/v2\/posts"}],"about":[{"href":"https:\/\/fmradiocristal.com.ar\/home-1\/wp-json\/wp\/v2\/types\/post"}],"author":[{"embeddable":true,"href":"https:\/\/fmradiocristal.com.ar\/home-1\/wp-json\/wp\/v2\/users\/3"}],"replies":[{"embeddable":true,"href":"https:\/\/fmradiocristal.com.ar\/home-1\/wp-json\/wp\/v2\/comments?post=10144"}],"version-history":[{"count":1,"href":"https:\/\/fmradiocristal.com.ar\/home-1\/wp-json\/wp\/v2\/posts\/10144\/revisions"}],"predecessor-version":[{"id":10146,"href":"https:\/\/fmradiocristal.com.ar\/home-1\/wp-json\/wp\/v2\/posts\/10144\/revisions\/10146"}],"wp:featuredmedia":[{"embeddable":true,"href":"https:\/\/fmradiocristal.com.ar\/home-1\/wp-json\/wp\/v2\/media\/10145"}],"wp:attachment":[{"href":"https:\/\/fmradiocristal.com.ar\/home-1\/wp-json\/wp\/v2\/media?parent=10144"}],"wp:term":[{"taxonomy":"category","embeddable":true,"href":"https:\/\/fmradiocristal.com.ar\/home-1\/wp-json\/wp\/v2\/categories?post=10144"},{"taxonomy":"post_tag","embeddable":true,"href":"https:\/\/fmradiocristal.com.ar\/home-1\/wp-json\/wp\/v2\/tags?post=10144"}],"curies":[{"name":"wp","href":"https:\/\/api.w.org\/{rel}","templated":true}]}}