{"id":10180,"date":"2024-10-02T14:19:22","date_gmt":"2024-10-02T17:19:22","guid":{"rendered":"https:\/\/fmradiocristal.com.ar\/home-1\/?p=10180"},"modified":"2024-10-02T14:19:53","modified_gmt":"2024-10-02T17:19:53","slug":"noticias-urbanas-7","status":"publish","type":"post","link":"https:\/\/fmradiocristal.com.ar\/home-1\/noticias-urbanas-7\/","title":{"rendered":"Noticias Urbanas"},"content":{"rendered":"<p>Dialogamos con Gimena Villafruela, legisladora porte\u00f1a del PRO, sobre el proceso del Codigo Urban\u00edstico.<\/p>\n<p>Adem\u00e1s, conversamos con Federico Saravia, secretario de Modenizacion y Tecnolog\u00eda de OA UBA, sobre la Universidad que nos merecemos y la\u00a0marcha\u00a0de\u00a0hoy.<\/p>\n<p>&nbsp;<\/p>\n<p><iframe title=\"Noticias urbanas - Programa Completo (02\/10\/2024)\" width=\"1200\" height=\"900\" src=\"https:\/\/www.youtube.com\/embed\/dv0cWGiIK-I?feature=oembed\" frameborder=\"0\" allow=\"accelerometer; autoplay; clipboard-write; encrypted-media; gyroscope; picture-in-picture; web-share\" referrerpolicy=\"strict-origin-when-cross-origin\" allowfullscreen><\/iframe><\/p>\n","protected":false},"excerpt":{"rendered":"<p>Dialogamos con Gimena Villafruela, legisladora porte\u00f1a del PRO, sobre el proceso del Codigo Urban\u00edstico. Adem\u00e1s, conversamos con Federico Saravia, secretario de Modenizacion y Tecnolog\u00eda de OA UBA, sobre la Universidad que nos merecemos y la\u00a0marcha\u00a0de\u00a0hoy. &nbsp;<\/p>\n","protected":false},"author":3,"featured_media":10212,"comment_status":"open","ping_status":"open","sticky":false,"template":"","format":"standard","meta":{"footnotes":""},"categories":[163,43],"tags":[164],"class_list":["post-10180","post","type-post","status-publish","format-standard","has-post-thumbnail","hentry","category-noticias-urbanas","category-programas","tag-noticias-urbanas","have-post-thumb"],"_links":{"self":[{"href":"https:\/\/fmradiocristal.com.ar\/home-1\/wp-json\/wp\/v2\/posts\/10180","targetHints":{"allow":["GET"]}}],"collection":[{"href":"https:\/\/fmradiocristal.com.ar\/home-1\/wp-json\/wp\/v2\/posts"}],"about":[{"href":"https:\/\/fmradiocristal.com.ar\/home-1\/wp-json\/wp\/v2\/types\/post"}],"author":[{"embeddable":true,"href":"https:\/\/fmradiocristal.com.ar\/home-1\/wp-json\/wp\/v2\/users\/3"}],"replies":[{"embeddable":true,"href":"https:\/\/fmradiocristal.com.ar\/home-1\/wp-json\/wp\/v2\/comments?post=10180"}],"version-history":[{"count":1,"href":"https:\/\/fmradiocristal.com.ar\/home-1\/wp-json\/wp\/v2\/posts\/10180\/revisions"}],"predecessor-version":[{"id":10213,"href":"https:\/\/fmradiocristal.com.ar\/home-1\/wp-json\/wp\/v2\/posts\/10180\/revisions\/10213"}],"wp:featuredmedia":[{"embeddable":true,"href":"https:\/\/fmradiocristal.com.ar\/home-1\/wp-json\/wp\/v2\/media\/10212"}],"wp:attachment":[{"href":"https:\/\/fmradiocristal.com.ar\/home-1\/wp-json\/wp\/v2\/media?parent=10180"}],"wp:term":[{"taxonomy":"category","embeddable":true,"href":"https:\/\/fmradiocristal.com.ar\/home-1\/wp-json\/wp\/v2\/categories?post=10180"},{"taxonomy":"post_tag","embeddable":true,"href":"https:\/\/fmradiocristal.com.ar\/home-1\/wp-json\/wp\/v2\/tags?post=10180"}],"curies":[{"name":"wp","href":"https:\/\/api.w.org\/{rel}","templated":true}]}}