{"id":10193,"date":"2024-10-01T13:58:35","date_gmt":"2024-10-01T16:58:35","guid":{"rendered":"https:\/\/fmradiocristal.com.ar\/home-1\/?p=10193"},"modified":"2024-10-02T13:59:45","modified_gmt":"2024-10-02T16:59:45","slug":"una-mirada-austral-36","status":"publish","type":"post","link":"https:\/\/fmradiocristal.com.ar\/home-1\/una-mirada-austral-36\/","title":{"rendered":"Una mirada austral"},"content":{"rendered":"<p>Dialogamos con Rub\u00e9n Soro, rector de la Universidad Tecnol\u00f3gica Nacional (UTN), sobre la resoluci\u00f3n de CIN.<br \/>\nSituaci\u00f3n y calidad educativa.<br \/>\nMarchas y\u00a0contramarchas.<\/p>\n<p><iframe title=\"Una mirada austral - Programa Completo (01\/10\/2024)\" width=\"1200\" height=\"675\" src=\"https:\/\/www.youtube.com\/embed\/_gyA_B2yc9c?feature=oembed\" frameborder=\"0\" allow=\"accelerometer; autoplay; clipboard-write; encrypted-media; gyroscope; picture-in-picture; web-share\" referrerpolicy=\"strict-origin-when-cross-origin\" allowfullscreen><\/iframe><\/p>\n","protected":false},"excerpt":{"rendered":"<p>Dialogamos con Rub\u00e9n Soro, rector de la Universidad Tecnol\u00f3gica Nacional (UTN), sobre la resoluci\u00f3n de CIN. Situaci\u00f3n y calidad educativa. Marchas y\u00a0contramarchas.<\/p>\n","protected":false},"author":3,"featured_media":10194,"comment_status":"open","ping_status":"open","sticky":false,"template":"","format":"standard","meta":{"footnotes":""},"categories":[43,69],"tags":[70],"class_list":["post-10193","post","type-post","status-publish","format-standard","has-post-thumbnail","hentry","category-programas","category-una-mirada-austral","tag-una-mirada-austral","have-post-thumb"],"_links":{"self":[{"href":"https:\/\/fmradiocristal.com.ar\/home-1\/wp-json\/wp\/v2\/posts\/10193","targetHints":{"allow":["GET"]}}],"collection":[{"href":"https:\/\/fmradiocristal.com.ar\/home-1\/wp-json\/wp\/v2\/posts"}],"about":[{"href":"https:\/\/fmradiocristal.com.ar\/home-1\/wp-json\/wp\/v2\/types\/post"}],"author":[{"embeddable":true,"href":"https:\/\/fmradiocristal.com.ar\/home-1\/wp-json\/wp\/v2\/users\/3"}],"replies":[{"embeddable":true,"href":"https:\/\/fmradiocristal.com.ar\/home-1\/wp-json\/wp\/v2\/comments?post=10193"}],"version-history":[{"count":1,"href":"https:\/\/fmradiocristal.com.ar\/home-1\/wp-json\/wp\/v2\/posts\/10193\/revisions"}],"predecessor-version":[{"id":10195,"href":"https:\/\/fmradiocristal.com.ar\/home-1\/wp-json\/wp\/v2\/posts\/10193\/revisions\/10195"}],"wp:featuredmedia":[{"embeddable":true,"href":"https:\/\/fmradiocristal.com.ar\/home-1\/wp-json\/wp\/v2\/media\/10194"}],"wp:attachment":[{"href":"https:\/\/fmradiocristal.com.ar\/home-1\/wp-json\/wp\/v2\/media?parent=10193"}],"wp:term":[{"taxonomy":"category","embeddable":true,"href":"https:\/\/fmradiocristal.com.ar\/home-1\/wp-json\/wp\/v2\/categories?post=10193"},{"taxonomy":"post_tag","embeddable":true,"href":"https:\/\/fmradiocristal.com.ar\/home-1\/wp-json\/wp\/v2\/tags?post=10193"}],"curies":[{"name":"wp","href":"https:\/\/api.w.org\/{rel}","templated":true}]}}