{"id":10196,"date":"2024-10-01T14:00:15","date_gmt":"2024-10-01T17:00:15","guid":{"rendered":"https:\/\/fmradiocristal.com.ar\/home-1\/?p=10196"},"modified":"2024-10-02T14:01:29","modified_gmt":"2024-10-02T17:01:29","slug":"clima-de-epoca-6","status":"publish","type":"post","link":"https:\/\/fmradiocristal.com.ar\/home-1\/clima-de-epoca-6\/","title":{"rendered":"Clima de \u00e9poca"},"content":{"rendered":"<p>\u00bfPor qu\u00e9 defendemos la Universidad P\u00fablica?<br \/>\nTodo sobre la marcha de ma\u00f1ana en defensa de la Universidad\u00a0P\u00fablica.<\/p>\n<p><iframe title=\"Clima de \u00e9poca - Programa Completo (01\/10\/2024)\" width=\"1200\" height=\"675\" src=\"https:\/\/www.youtube.com\/embed\/1GwSuW5-koA?feature=oembed\" frameborder=\"0\" allow=\"accelerometer; autoplay; clipboard-write; encrypted-media; gyroscope; picture-in-picture; web-share\" referrerpolicy=\"strict-origin-when-cross-origin\" allowfullscreen><\/iframe><\/p>\n","protected":false},"excerpt":{"rendered":"<p>\u00bfPor qu\u00e9 defendemos la Universidad P\u00fablica? Todo sobre la marcha de ma\u00f1ana en defensa de la Universidad\u00a0P\u00fablica.<\/p>\n","protected":false},"author":3,"featured_media":10197,"comment_status":"open","ping_status":"open","sticky":false,"template":"","format":"standard","meta":{"footnotes":""},"categories":[152,43],"tags":[153],"class_list":["post-10196","post","type-post","status-publish","format-standard","has-post-thumbnail","hentry","category-clima-de-epoca","category-programas","tag-clima-de-epoca","have-post-thumb"],"_links":{"self":[{"href":"https:\/\/fmradiocristal.com.ar\/home-1\/wp-json\/wp\/v2\/posts\/10196","targetHints":{"allow":["GET"]}}],"collection":[{"href":"https:\/\/fmradiocristal.com.ar\/home-1\/wp-json\/wp\/v2\/posts"}],"about":[{"href":"https:\/\/fmradiocristal.com.ar\/home-1\/wp-json\/wp\/v2\/types\/post"}],"author":[{"embeddable":true,"href":"https:\/\/fmradiocristal.com.ar\/home-1\/wp-json\/wp\/v2\/users\/3"}],"replies":[{"embeddable":true,"href":"https:\/\/fmradiocristal.com.ar\/home-1\/wp-json\/wp\/v2\/comments?post=10196"}],"version-history":[{"count":1,"href":"https:\/\/fmradiocristal.com.ar\/home-1\/wp-json\/wp\/v2\/posts\/10196\/revisions"}],"predecessor-version":[{"id":10198,"href":"https:\/\/fmradiocristal.com.ar\/home-1\/wp-json\/wp\/v2\/posts\/10196\/revisions\/10198"}],"wp:featuredmedia":[{"embeddable":true,"href":"https:\/\/fmradiocristal.com.ar\/home-1\/wp-json\/wp\/v2\/media\/10197"}],"wp:attachment":[{"href":"https:\/\/fmradiocristal.com.ar\/home-1\/wp-json\/wp\/v2\/media?parent=10196"}],"wp:term":[{"taxonomy":"category","embeddable":true,"href":"https:\/\/fmradiocristal.com.ar\/home-1\/wp-json\/wp\/v2\/categories?post=10196"},{"taxonomy":"post_tag","embeddable":true,"href":"https:\/\/fmradiocristal.com.ar\/home-1\/wp-json\/wp\/v2\/tags?post=10196"}],"curies":[{"name":"wp","href":"https:\/\/api.w.org\/{rel}","templated":true}]}}