{"id":10267,"date":"2024-10-04T23:46:01","date_gmt":"2024-10-05T02:46:01","guid":{"rendered":"https:\/\/fmradiocristal.com.ar\/home-1\/?p=10267"},"modified":"2024-10-04T23:46:01","modified_gmt":"2024-10-05T02:46:01","slug":"en-clave-grotte","status":"publish","type":"post","link":"https:\/\/fmradiocristal.com.ar\/home-1\/en-clave-grotte\/","title":{"rendered":"En clave Grotte"},"content":{"rendered":"<p>Dialogamos con V\u00edctor Laplace, actor y director del cine argentino.<\/p>\n<p>Tambi\u00e9n, hablamos con Rub\u00e9n Mercali de la Parroquia del Carmen.<\/p>\n<p>Por \u00faltimo, cerramos el programa charlando con\u00a0Alberto\u00a0Buela.<\/p>\n<p><iframe title=\"En Clave Grote 20241004 - 120033 by Radio Grote\" width=\"1200\" height=\"400\" scrolling=\"no\" frameborder=\"no\" src=\"https:\/\/w.soundcloud.com\/player\/?visual=true&#038;url=https%3A%2F%2Fapi.soundcloud.com%2Ftracks%2F1928898713&#038;show_artwork=true&#038;maxheight=1000&#038;maxwidth=1200\"><\/iframe><\/p>\n","protected":false},"excerpt":{"rendered":"<p>Dialogamos con V\u00edctor Laplace, actor y director del cine argentino. Tambi\u00e9n, hablamos con Rub\u00e9n Mercali de la Parroquia del Carmen. Por \u00faltimo, cerramos el programa charlando con\u00a0Alberto\u00a0Buela.<\/p>\n","protected":false},"author":3,"featured_media":10268,"comment_status":"open","ping_status":"open","sticky":false,"template":"","format":"standard","meta":{"footnotes":""},"categories":[85,43],"tags":[86],"class_list":["post-10267","post","type-post","status-publish","format-standard","has-post-thumbnail","hentry","category-en-clave-grote","category-programas","tag-en-clave-grote","have-post-thumb"],"_links":{"self":[{"href":"https:\/\/fmradiocristal.com.ar\/home-1\/wp-json\/wp\/v2\/posts\/10267","targetHints":{"allow":["GET"]}}],"collection":[{"href":"https:\/\/fmradiocristal.com.ar\/home-1\/wp-json\/wp\/v2\/posts"}],"about":[{"href":"https:\/\/fmradiocristal.com.ar\/home-1\/wp-json\/wp\/v2\/types\/post"}],"author":[{"embeddable":true,"href":"https:\/\/fmradiocristal.com.ar\/home-1\/wp-json\/wp\/v2\/users\/3"}],"replies":[{"embeddable":true,"href":"https:\/\/fmradiocristal.com.ar\/home-1\/wp-json\/wp\/v2\/comments?post=10267"}],"version-history":[{"count":1,"href":"https:\/\/fmradiocristal.com.ar\/home-1\/wp-json\/wp\/v2\/posts\/10267\/revisions"}],"predecessor-version":[{"id":10269,"href":"https:\/\/fmradiocristal.com.ar\/home-1\/wp-json\/wp\/v2\/posts\/10267\/revisions\/10269"}],"wp:featuredmedia":[{"embeddable":true,"href":"https:\/\/fmradiocristal.com.ar\/home-1\/wp-json\/wp\/v2\/media\/10268"}],"wp:attachment":[{"href":"https:\/\/fmradiocristal.com.ar\/home-1\/wp-json\/wp\/v2\/media?parent=10267"}],"wp:term":[{"taxonomy":"category","embeddable":true,"href":"https:\/\/fmradiocristal.com.ar\/home-1\/wp-json\/wp\/v2\/categories?post=10267"},{"taxonomy":"post_tag","embeddable":true,"href":"https:\/\/fmradiocristal.com.ar\/home-1\/wp-json\/wp\/v2\/tags?post=10267"}],"curies":[{"name":"wp","href":"https:\/\/api.w.org\/{rel}","templated":true}]}}