{"id":10303,"date":"2024-10-07T23:24:24","date_gmt":"2024-10-08T02:24:24","guid":{"rendered":"https:\/\/fmradiocristal.com.ar\/home-1\/?p=10303"},"modified":"2024-10-07T23:24:24","modified_gmt":"2024-10-08T02:24:24","slug":"noticias-urbanas-9","status":"publish","type":"post","link":"https:\/\/fmradiocristal.com.ar\/home-1\/noticias-urbanas-9\/","title":{"rendered":"Noticias Urbanas"},"content":{"rendered":"<p>Dialogamos con el sindicalista y dirigente peronista porte\u00f1o, Fernando Barrera, sobre la interna en el Partido Justicialista. El rol de la expresidente, Cristina Fern\u00e1ndez de Kirchner.<\/p>\n<p>Adem\u00e1s, conversamos con la legisladora porte\u00f1a de La Libertad Avanza, Luc\u00eda Montenegro, sobre el futuro del partido con el liderazgo de Karina Milei de cara a los comicios del\u00a0a\u00f1o\u00a0que\u00a0viene.<\/p>\n<p><iframe title=\"Noticias urbanas - Programa Completo (07\/10\/2024)\" width=\"1200\" height=\"900\" src=\"https:\/\/www.youtube.com\/embed\/KkpmkQXvTBc?feature=oembed\" frameborder=\"0\" allow=\"accelerometer; autoplay; clipboard-write; encrypted-media; gyroscope; picture-in-picture; web-share\" referrerpolicy=\"strict-origin-when-cross-origin\" allowfullscreen><\/iframe><\/p>\n","protected":false},"excerpt":{"rendered":"<p>Dialogamos con el sindicalista y dirigente peronista porte\u00f1o, Fernando Barrera, sobre la interna en el Partido Justicialista. El rol de la expresidente, Cristina Fern\u00e1ndez de Kirchner. Adem\u00e1s, conversamos con la legisladora porte\u00f1a de La Libertad Avanza, Luc\u00eda Montenegro, sobre el futuro del partido con el liderazgo de Karina Milei de cara a los comicios del\u00a0a\u00f1o\u00a0que\u00a0viene.<\/p>\n","protected":false},"author":3,"featured_media":10304,"comment_status":"open","ping_status":"open","sticky":false,"template":"","format":"standard","meta":{"footnotes":""},"categories":[163,43],"tags":[164],"class_list":["post-10303","post","type-post","status-publish","format-standard","has-post-thumbnail","hentry","category-noticias-urbanas","category-programas","tag-noticias-urbanas","have-post-thumb"],"_links":{"self":[{"href":"https:\/\/fmradiocristal.com.ar\/home-1\/wp-json\/wp\/v2\/posts\/10303","targetHints":{"allow":["GET"]}}],"collection":[{"href":"https:\/\/fmradiocristal.com.ar\/home-1\/wp-json\/wp\/v2\/posts"}],"about":[{"href":"https:\/\/fmradiocristal.com.ar\/home-1\/wp-json\/wp\/v2\/types\/post"}],"author":[{"embeddable":true,"href":"https:\/\/fmradiocristal.com.ar\/home-1\/wp-json\/wp\/v2\/users\/3"}],"replies":[{"embeddable":true,"href":"https:\/\/fmradiocristal.com.ar\/home-1\/wp-json\/wp\/v2\/comments?post=10303"}],"version-history":[{"count":1,"href":"https:\/\/fmradiocristal.com.ar\/home-1\/wp-json\/wp\/v2\/posts\/10303\/revisions"}],"predecessor-version":[{"id":10305,"href":"https:\/\/fmradiocristal.com.ar\/home-1\/wp-json\/wp\/v2\/posts\/10303\/revisions\/10305"}],"wp:featuredmedia":[{"embeddable":true,"href":"https:\/\/fmradiocristal.com.ar\/home-1\/wp-json\/wp\/v2\/media\/10304"}],"wp:attachment":[{"href":"https:\/\/fmradiocristal.com.ar\/home-1\/wp-json\/wp\/v2\/media?parent=10303"}],"wp:term":[{"taxonomy":"category","embeddable":true,"href":"https:\/\/fmradiocristal.com.ar\/home-1\/wp-json\/wp\/v2\/categories?post=10303"},{"taxonomy":"post_tag","embeddable":true,"href":"https:\/\/fmradiocristal.com.ar\/home-1\/wp-json\/wp\/v2\/tags?post=10303"}],"curies":[{"name":"wp","href":"https:\/\/api.w.org\/{rel}","templated":true}]}}