{"id":10315,"date":"2024-10-08T23:57:25","date_gmt":"2024-10-09T02:57:25","guid":{"rendered":"https:\/\/fmradiocristal.com.ar\/home-1\/?p=10315"},"modified":"2024-10-08T23:57:35","modified_gmt":"2024-10-09T02:57:35","slug":"una-mirada-austral-37","status":"publish","type":"post","link":"https:\/\/fmradiocristal.com.ar\/home-1\/una-mirada-austral-37\/","title":{"rendered":"Una mirada austral"},"content":{"rendered":"<p>Dialogamos con Fabi\u00e1n Felman, secretario General de la Confederaci\u00f3n de Educadores Argentinos, sobre las conclusiones de la Marcha Universitaria.<br \/>\nSobre el secretario de Educaci\u00f3n: inventar alumnos para cobrar fondos.<br \/>\n\u00bfEl\u00a0rol\u00a0del\u00a0CIN?<\/p>\n<p><iframe title=\"Una mirada austral - Programa Completo (08\/10\/2024)\" width=\"1200\" height=\"900\" src=\"https:\/\/www.youtube.com\/embed\/ICSNyK0Fiq4?feature=oembed\" frameborder=\"0\" allow=\"accelerometer; autoplay; clipboard-write; encrypted-media; gyroscope; picture-in-picture; web-share\" referrerpolicy=\"strict-origin-when-cross-origin\" allowfullscreen><\/iframe><\/p>\n","protected":false},"excerpt":{"rendered":"<p>Dialogamos con Fabi\u00e1n Felman, secretario General de la Confederaci\u00f3n de Educadores Argentinos, sobre las conclusiones de la Marcha Universitaria. Sobre el secretario de Educaci\u00f3n: inventar alumnos para cobrar fondos. \u00bfEl\u00a0rol\u00a0del\u00a0CIN?<\/p>\n","protected":false},"author":3,"featured_media":10316,"comment_status":"open","ping_status":"open","sticky":false,"template":"","format":"standard","meta":{"footnotes":""},"categories":[43,69],"tags":[70],"class_list":["post-10315","post","type-post","status-publish","format-standard","has-post-thumbnail","hentry","category-programas","category-una-mirada-austral","tag-una-mirada-austral","have-post-thumb"],"_links":{"self":[{"href":"https:\/\/fmradiocristal.com.ar\/home-1\/wp-json\/wp\/v2\/posts\/10315","targetHints":{"allow":["GET"]}}],"collection":[{"href":"https:\/\/fmradiocristal.com.ar\/home-1\/wp-json\/wp\/v2\/posts"}],"about":[{"href":"https:\/\/fmradiocristal.com.ar\/home-1\/wp-json\/wp\/v2\/types\/post"}],"author":[{"embeddable":true,"href":"https:\/\/fmradiocristal.com.ar\/home-1\/wp-json\/wp\/v2\/users\/3"}],"replies":[{"embeddable":true,"href":"https:\/\/fmradiocristal.com.ar\/home-1\/wp-json\/wp\/v2\/comments?post=10315"}],"version-history":[{"count":1,"href":"https:\/\/fmradiocristal.com.ar\/home-1\/wp-json\/wp\/v2\/posts\/10315\/revisions"}],"predecessor-version":[{"id":10317,"href":"https:\/\/fmradiocristal.com.ar\/home-1\/wp-json\/wp\/v2\/posts\/10315\/revisions\/10317"}],"wp:featuredmedia":[{"embeddable":true,"href":"https:\/\/fmradiocristal.com.ar\/home-1\/wp-json\/wp\/v2\/media\/10316"}],"wp:attachment":[{"href":"https:\/\/fmradiocristal.com.ar\/home-1\/wp-json\/wp\/v2\/media?parent=10315"}],"wp:term":[{"taxonomy":"category","embeddable":true,"href":"https:\/\/fmradiocristal.com.ar\/home-1\/wp-json\/wp\/v2\/categories?post=10315"},{"taxonomy":"post_tag","embeddable":true,"href":"https:\/\/fmradiocristal.com.ar\/home-1\/wp-json\/wp\/v2\/tags?post=10315"}],"curies":[{"name":"wp","href":"https:\/\/api.w.org\/{rel}","templated":true}]}}