{"id":10365,"date":"2024-10-10T23:40:54","date_gmt":"2024-10-11T02:40:54","guid":{"rendered":"https:\/\/fmradiocristal.com.ar\/home-1\/?p=10365"},"modified":"2024-10-10T23:40:54","modified_gmt":"2024-10-11T02:40:54","slug":"dialogo-argentino-americano-6","status":"publish","type":"post","link":"https:\/\/fmradiocristal.com.ar\/home-1\/dialogo-argentino-americano-6\/","title":{"rendered":"Di\u00e1logo argentino-americano"},"content":{"rendered":"<p>Dialogamos con el analista internacional, Jorge Castro, sobre la posici\u00f3n de EE.UU en relaci\u00f3n a los conflictos internacionales y la situaci\u00f3n de\u00a0Medio\u00a0Oriente.<\/p>\n<p><iframe title=\"Di\u00e1logo Argentino - Americano - Programa Completo (10\/10\/2024)\" width=\"1200\" height=\"900\" src=\"https:\/\/www.youtube.com\/embed\/ts5vLhhbbtI?feature=oembed\" frameborder=\"0\" allow=\"accelerometer; autoplay; clipboard-write; encrypted-media; gyroscope; picture-in-picture; web-share\" referrerpolicy=\"strict-origin-when-cross-origin\" allowfullscreen><\/iframe><\/p>\n","protected":false},"excerpt":{"rendered":"<p>Dialogamos con el analista internacional, Jorge Castro, sobre la posici\u00f3n de EE.UU en relaci\u00f3n a los conflictos internacionales y la situaci\u00f3n de\u00a0Medio\u00a0Oriente.<\/p>\n","protected":false},"author":3,"featured_media":10366,"comment_status":"open","ping_status":"open","sticky":false,"template":"","format":"standard","meta":{"footnotes":""},"categories":[147,43],"tags":[148],"class_list":["post-10365","post","type-post","status-publish","format-standard","has-post-thumbnail","hentry","category-dialogo-argentino-americano","category-programas","tag-dialogo-argentino-americano","have-post-thumb"],"_links":{"self":[{"href":"https:\/\/fmradiocristal.com.ar\/home-1\/wp-json\/wp\/v2\/posts\/10365","targetHints":{"allow":["GET"]}}],"collection":[{"href":"https:\/\/fmradiocristal.com.ar\/home-1\/wp-json\/wp\/v2\/posts"}],"about":[{"href":"https:\/\/fmradiocristal.com.ar\/home-1\/wp-json\/wp\/v2\/types\/post"}],"author":[{"embeddable":true,"href":"https:\/\/fmradiocristal.com.ar\/home-1\/wp-json\/wp\/v2\/users\/3"}],"replies":[{"embeddable":true,"href":"https:\/\/fmradiocristal.com.ar\/home-1\/wp-json\/wp\/v2\/comments?post=10365"}],"version-history":[{"count":1,"href":"https:\/\/fmradiocristal.com.ar\/home-1\/wp-json\/wp\/v2\/posts\/10365\/revisions"}],"predecessor-version":[{"id":10367,"href":"https:\/\/fmradiocristal.com.ar\/home-1\/wp-json\/wp\/v2\/posts\/10365\/revisions\/10367"}],"wp:featuredmedia":[{"embeddable":true,"href":"https:\/\/fmradiocristal.com.ar\/home-1\/wp-json\/wp\/v2\/media\/10366"}],"wp:attachment":[{"href":"https:\/\/fmradiocristal.com.ar\/home-1\/wp-json\/wp\/v2\/media?parent=10365"}],"wp:term":[{"taxonomy":"category","embeddable":true,"href":"https:\/\/fmradiocristal.com.ar\/home-1\/wp-json\/wp\/v2\/categories?post=10365"},{"taxonomy":"post_tag","embeddable":true,"href":"https:\/\/fmradiocristal.com.ar\/home-1\/wp-json\/wp\/v2\/tags?post=10365"}],"curies":[{"name":"wp","href":"https:\/\/api.w.org\/{rel}","templated":true}]}}