{"id":10437,"date":"2024-10-15T23:47:05","date_gmt":"2024-10-16T02:47:05","guid":{"rendered":"https:\/\/fmradiocristal.com.ar\/home-1\/?p=10437"},"modified":"2024-10-15T23:47:05","modified_gmt":"2024-10-16T02:47:05","slug":"en-clave-grote-77","status":"publish","type":"post","link":"https:\/\/fmradiocristal.com.ar\/home-1\/en-clave-grote-77\/","title":{"rendered":"En clave Grote"},"content":{"rendered":"<p>Dialogamos con Ana Mar\u00eda Ravaglia, docente exviceministra de Educaci\u00f3n de la Ciudad de Buenos Aires.<\/p>\n<p>Adem\u00e1s, hablamos con la Maria Alejandra Muchart, abogada y presienta de la Democracia Cristiana de la Ciudad de\u00a0Buenos\u00a0Aires.<\/p>\n<p><iframe title=\"En Clave Grote 20241015 - 120130 by Radio Grote\" width=\"1200\" height=\"400\" scrolling=\"no\" frameborder=\"no\" src=\"https:\/\/w.soundcloud.com\/player\/?visual=true&#038;url=https%3A%2F%2Fapi.soundcloud.com%2Ftracks%2F1935484589&#038;show_artwork=true&#038;maxheight=1000&#038;maxwidth=1200\"><\/iframe><\/p>\n","protected":false},"excerpt":{"rendered":"<p>Dialogamos con Ana Mar\u00eda Ravaglia, docente exviceministra de Educaci\u00f3n de la Ciudad de Buenos Aires. Adem\u00e1s, hablamos con la Maria Alejandra Muchart, abogada y presienta de la Democracia Cristiana de la Ciudad de\u00a0Buenos\u00a0Aires.<\/p>\n","protected":false},"author":3,"featured_media":10438,"comment_status":"open","ping_status":"open","sticky":false,"template":"","format":"standard","meta":{"footnotes":""},"categories":[85,43],"tags":[86],"class_list":["post-10437","post","type-post","status-publish","format-standard","has-post-thumbnail","hentry","category-en-clave-grote","category-programas","tag-en-clave-grote","have-post-thumb"],"_links":{"self":[{"href":"https:\/\/fmradiocristal.com.ar\/home-1\/wp-json\/wp\/v2\/posts\/10437","targetHints":{"allow":["GET"]}}],"collection":[{"href":"https:\/\/fmradiocristal.com.ar\/home-1\/wp-json\/wp\/v2\/posts"}],"about":[{"href":"https:\/\/fmradiocristal.com.ar\/home-1\/wp-json\/wp\/v2\/types\/post"}],"author":[{"embeddable":true,"href":"https:\/\/fmradiocristal.com.ar\/home-1\/wp-json\/wp\/v2\/users\/3"}],"replies":[{"embeddable":true,"href":"https:\/\/fmradiocristal.com.ar\/home-1\/wp-json\/wp\/v2\/comments?post=10437"}],"version-history":[{"count":1,"href":"https:\/\/fmradiocristal.com.ar\/home-1\/wp-json\/wp\/v2\/posts\/10437\/revisions"}],"predecessor-version":[{"id":10439,"href":"https:\/\/fmradiocristal.com.ar\/home-1\/wp-json\/wp\/v2\/posts\/10437\/revisions\/10439"}],"wp:featuredmedia":[{"embeddable":true,"href":"https:\/\/fmradiocristal.com.ar\/home-1\/wp-json\/wp\/v2\/media\/10438"}],"wp:attachment":[{"href":"https:\/\/fmradiocristal.com.ar\/home-1\/wp-json\/wp\/v2\/media?parent=10437"}],"wp:term":[{"taxonomy":"category","embeddable":true,"href":"https:\/\/fmradiocristal.com.ar\/home-1\/wp-json\/wp\/v2\/categories?post=10437"},{"taxonomy":"post_tag","embeddable":true,"href":"https:\/\/fmradiocristal.com.ar\/home-1\/wp-json\/wp\/v2\/tags?post=10437"}],"curies":[{"name":"wp","href":"https:\/\/api.w.org\/{rel}","templated":true}]}}