{"id":10472,"date":"2024-10-16T13:55:20","date_gmt":"2024-10-16T16:55:20","guid":{"rendered":"https:\/\/fmradiocristal.com.ar\/home-1\/?p=10472"},"modified":"2024-10-17T13:56:19","modified_gmt":"2024-10-17T16:56:19","slug":"noticias-urbanas-13","status":"publish","type":"post","link":"https:\/\/fmradiocristal.com.ar\/home-1\/noticias-urbanas-13\/","title":{"rendered":"Noticias Urbanas"},"content":{"rendered":"<p>Analizamos la coyuntura pol\u00edtica y socioecon\u00f3mica.<\/p>\n<p>Adem\u00e1s, dialogamos con el periodista, profesor y abogado, Carlos Campolongo, sobre las internas\u00a0en\u00a0el\u00a0PJ.<\/p>\n<p><iframe title=\"Noticias urbanas - Programa Completo (16\/10\/2024)\" width=\"1200\" height=\"675\" src=\"https:\/\/www.youtube.com\/embed\/xQFv6lYho2A?feature=oembed\" frameborder=\"0\" allow=\"accelerometer; autoplay; clipboard-write; encrypted-media; gyroscope; picture-in-picture; web-share\" referrerpolicy=\"strict-origin-when-cross-origin\" allowfullscreen><\/iframe><\/p>\n","protected":false},"excerpt":{"rendered":"<p>Analizamos la coyuntura pol\u00edtica y socioecon\u00f3mica. Adem\u00e1s, dialogamos con el periodista, profesor y abogado, Carlos Campolongo, sobre las internas\u00a0en\u00a0el\u00a0PJ.<\/p>\n","protected":false},"author":3,"featured_media":10473,"comment_status":"open","ping_status":"open","sticky":false,"template":"","format":"standard","meta":{"footnotes":""},"categories":[163,43],"tags":[164],"class_list":["post-10472","post","type-post","status-publish","format-standard","has-post-thumbnail","hentry","category-noticias-urbanas","category-programas","tag-noticias-urbanas","have-post-thumb"],"_links":{"self":[{"href":"https:\/\/fmradiocristal.com.ar\/home-1\/wp-json\/wp\/v2\/posts\/10472","targetHints":{"allow":["GET"]}}],"collection":[{"href":"https:\/\/fmradiocristal.com.ar\/home-1\/wp-json\/wp\/v2\/posts"}],"about":[{"href":"https:\/\/fmradiocristal.com.ar\/home-1\/wp-json\/wp\/v2\/types\/post"}],"author":[{"embeddable":true,"href":"https:\/\/fmradiocristal.com.ar\/home-1\/wp-json\/wp\/v2\/users\/3"}],"replies":[{"embeddable":true,"href":"https:\/\/fmradiocristal.com.ar\/home-1\/wp-json\/wp\/v2\/comments?post=10472"}],"version-history":[{"count":1,"href":"https:\/\/fmradiocristal.com.ar\/home-1\/wp-json\/wp\/v2\/posts\/10472\/revisions"}],"predecessor-version":[{"id":10474,"href":"https:\/\/fmradiocristal.com.ar\/home-1\/wp-json\/wp\/v2\/posts\/10472\/revisions\/10474"}],"wp:featuredmedia":[{"embeddable":true,"href":"https:\/\/fmradiocristal.com.ar\/home-1\/wp-json\/wp\/v2\/media\/10473"}],"wp:attachment":[{"href":"https:\/\/fmradiocristal.com.ar\/home-1\/wp-json\/wp\/v2\/media?parent=10472"}],"wp:term":[{"taxonomy":"category","embeddable":true,"href":"https:\/\/fmradiocristal.com.ar\/home-1\/wp-json\/wp\/v2\/categories?post=10472"},{"taxonomy":"post_tag","embeddable":true,"href":"https:\/\/fmradiocristal.com.ar\/home-1\/wp-json\/wp\/v2\/tags?post=10472"}],"curies":[{"name":"wp","href":"https:\/\/api.w.org\/{rel}","templated":true}]}}