{"id":10570,"date":"2024-10-23T12:09:59","date_gmt":"2024-10-23T15:09:59","guid":{"rendered":"https:\/\/fmradiocristal.com.ar\/home-1\/?p=10570"},"modified":"2024-10-24T12:11:22","modified_gmt":"2024-10-24T15:11:22","slug":"noticias-urbanas-16","status":"publish","type":"post","link":"https:\/\/fmradiocristal.com.ar\/home-1\/noticias-urbanas-16\/","title":{"rendered":"Noticias Urbanas"},"content":{"rendered":"<p>Dialogamos con Santiago Battista, Director de Ia Ciudad. En CABA impact\u00f3 la baja de la actividad econ\u00f3mica mas que en el resto del pa\u00eds.<\/p>\n<p>Adem\u00e1s, hablamos con Fernando Gril, dirigente peronista: \u00abNo est\u00e1 clara como ser\u00e1 la interna, pero estamos empujando fuerte\u00a0a\u00a0Quintela\u00bb<\/p>\n<p>&nbsp;<\/p>\n<p><iframe title=\"Noticias urbanas - Programa Completo (23\/10\/2024)\" width=\"1200\" height=\"675\" src=\"https:\/\/www.youtube.com\/embed\/_KhbuynLTUQ?feature=oembed\" frameborder=\"0\" allow=\"accelerometer; autoplay; clipboard-write; encrypted-media; gyroscope; picture-in-picture; web-share\" referrerpolicy=\"strict-origin-when-cross-origin\" allowfullscreen><\/iframe><\/p>\n","protected":false},"excerpt":{"rendered":"<p>Dialogamos con Santiago Battista, Director de Ia Ciudad. En CABA impact\u00f3 la baja de la actividad econ\u00f3mica mas que en el resto del pa\u00eds. Adem\u00e1s, hablamos con Fernando Gril, dirigente peronista: \u00abNo est\u00e1 clara como ser\u00e1 la interna, pero estamos empujando fuerte\u00a0a\u00a0Quintela\u00bb &nbsp;<\/p>\n","protected":false},"author":3,"featured_media":10572,"comment_status":"open","ping_status":"open","sticky":false,"template":"","format":"standard","meta":{"footnotes":""},"categories":[163,43],"tags":[164],"class_list":["post-10570","post","type-post","status-publish","format-standard","has-post-thumbnail","hentry","category-noticias-urbanas","category-programas","tag-noticias-urbanas","have-post-thumb"],"_links":{"self":[{"href":"https:\/\/fmradiocristal.com.ar\/home-1\/wp-json\/wp\/v2\/posts\/10570","targetHints":{"allow":["GET"]}}],"collection":[{"href":"https:\/\/fmradiocristal.com.ar\/home-1\/wp-json\/wp\/v2\/posts"}],"about":[{"href":"https:\/\/fmradiocristal.com.ar\/home-1\/wp-json\/wp\/v2\/types\/post"}],"author":[{"embeddable":true,"href":"https:\/\/fmradiocristal.com.ar\/home-1\/wp-json\/wp\/v2\/users\/3"}],"replies":[{"embeddable":true,"href":"https:\/\/fmradiocristal.com.ar\/home-1\/wp-json\/wp\/v2\/comments?post=10570"}],"version-history":[{"count":1,"href":"https:\/\/fmradiocristal.com.ar\/home-1\/wp-json\/wp\/v2\/posts\/10570\/revisions"}],"predecessor-version":[{"id":10573,"href":"https:\/\/fmradiocristal.com.ar\/home-1\/wp-json\/wp\/v2\/posts\/10570\/revisions\/10573"}],"wp:featuredmedia":[{"embeddable":true,"href":"https:\/\/fmradiocristal.com.ar\/home-1\/wp-json\/wp\/v2\/media\/10572"}],"wp:attachment":[{"href":"https:\/\/fmradiocristal.com.ar\/home-1\/wp-json\/wp\/v2\/media?parent=10570"}],"wp:term":[{"taxonomy":"category","embeddable":true,"href":"https:\/\/fmradiocristal.com.ar\/home-1\/wp-json\/wp\/v2\/categories?post=10570"},{"taxonomy":"post_tag","embeddable":true,"href":"https:\/\/fmradiocristal.com.ar\/home-1\/wp-json\/wp\/v2\/tags?post=10570"}],"curies":[{"name":"wp","href":"https:\/\/api.w.org\/{rel}","templated":true}]}}