{"id":10624,"date":"2024-10-25T01:00:23","date_gmt":"2024-10-25T04:00:23","guid":{"rendered":"https:\/\/fmradiocristal.com.ar\/home-1\/?p=10624"},"modified":"2024-10-26T01:08:39","modified_gmt":"2024-10-26T04:08:39","slug":"en-clave-grotte-2","status":"publish","type":"post","link":"https:\/\/fmradiocristal.com.ar\/home-1\/en-clave-grotte-2\/","title":{"rendered":"En clave Grotte"},"content":{"rendered":"<p>Dialogamos con el Dr. Enrique Amadasi, coordinador del Bar\u00f3metro de la Deuda Social con las Personas Mayores.<\/p>\n<p>Tambi\u00e9n, hablamos con el padre Juan Manuel Ribeiro, secretario ejecutivo de la Comisi\u00f3n Episcopal\u00a0de\u00a0Educaci\u00f3n.<\/p>\n<p><iframe title=\"En Clave Grote 20241025 - 120008 by Radio Grote\" width=\"1200\" height=\"400\" scrolling=\"no\" frameborder=\"no\" src=\"https:\/\/w.soundcloud.com\/player\/?visual=true&#038;url=https%3A%2F%2Fapi.soundcloud.com%2Ftracks%2F1941976563&#038;show_artwork=true&#038;maxheight=1000&#038;maxwidth=1200\"><\/iframe><\/p>\n","protected":false},"excerpt":{"rendered":"<p>Dialogamos con el Dr. Enrique Amadasi, coordinador del Bar\u00f3metro de la Deuda Social con las Personas Mayores. Tambi\u00e9n, hablamos con el padre Juan Manuel Ribeiro, secretario ejecutivo de la Comisi\u00f3n Episcopal\u00a0de\u00a0Educaci\u00f3n.<\/p>\n","protected":false},"author":3,"featured_media":10625,"comment_status":"open","ping_status":"open","sticky":false,"template":"","format":"standard","meta":{"footnotes":""},"categories":[85,43],"tags":[86],"class_list":["post-10624","post","type-post","status-publish","format-standard","has-post-thumbnail","hentry","category-en-clave-grote","category-programas","tag-en-clave-grote","have-post-thumb"],"_links":{"self":[{"href":"https:\/\/fmradiocristal.com.ar\/home-1\/wp-json\/wp\/v2\/posts\/10624","targetHints":{"allow":["GET"]}}],"collection":[{"href":"https:\/\/fmradiocristal.com.ar\/home-1\/wp-json\/wp\/v2\/posts"}],"about":[{"href":"https:\/\/fmradiocristal.com.ar\/home-1\/wp-json\/wp\/v2\/types\/post"}],"author":[{"embeddable":true,"href":"https:\/\/fmradiocristal.com.ar\/home-1\/wp-json\/wp\/v2\/users\/3"}],"replies":[{"embeddable":true,"href":"https:\/\/fmradiocristal.com.ar\/home-1\/wp-json\/wp\/v2\/comments?post=10624"}],"version-history":[{"count":1,"href":"https:\/\/fmradiocristal.com.ar\/home-1\/wp-json\/wp\/v2\/posts\/10624\/revisions"}],"predecessor-version":[{"id":10626,"href":"https:\/\/fmradiocristal.com.ar\/home-1\/wp-json\/wp\/v2\/posts\/10624\/revisions\/10626"}],"wp:featuredmedia":[{"embeddable":true,"href":"https:\/\/fmradiocristal.com.ar\/home-1\/wp-json\/wp\/v2\/media\/10625"}],"wp:attachment":[{"href":"https:\/\/fmradiocristal.com.ar\/home-1\/wp-json\/wp\/v2\/media?parent=10624"}],"wp:term":[{"taxonomy":"category","embeddable":true,"href":"https:\/\/fmradiocristal.com.ar\/home-1\/wp-json\/wp\/v2\/categories?post=10624"},{"taxonomy":"post_tag","embeddable":true,"href":"https:\/\/fmradiocristal.com.ar\/home-1\/wp-json\/wp\/v2\/tags?post=10624"}],"curies":[{"name":"wp","href":"https:\/\/api.w.org\/{rel}","templated":true}]}}