{"id":10714,"date":"2024-10-30T10:23:22","date_gmt":"2024-10-30T13:23:22","guid":{"rendered":"https:\/\/fmradiocristal.com.ar\/home-1\/?p=10714"},"modified":"2024-10-31T10:24:30","modified_gmt":"2024-10-31T13:24:30","slug":"noticas-urbanas","status":"publish","type":"post","link":"https:\/\/fmradiocristal.com.ar\/home-1\/noticas-urbanas\/","title":{"rendered":"Noticas Urbanas"},"content":{"rendered":"<p>Dialogamos con Carlos Regazzoni, sanitarista y politico: \u00abHay que revisar en salud como salimos de esta situacion\u00bb.<br \/>\nAdem\u00e1s, hablamos con Juan Manuel Vald\u00e9s, legislador porte\u00f1o de UxP: \u00abEl Pro parece un grupo tributo\u00a0de\u00a0LLA\u00bb.<\/p>\n<p><iframe title=\"Noticias urbanas - Programa Completo (30\/10\/2024)\" width=\"1200\" height=\"675\" src=\"https:\/\/www.youtube.com\/embed\/lnpXArx3idw?feature=oembed\" frameborder=\"0\" allow=\"accelerometer; autoplay; clipboard-write; encrypted-media; gyroscope; picture-in-picture; web-share\" referrerpolicy=\"strict-origin-when-cross-origin\" allowfullscreen><\/iframe><\/p>\n","protected":false},"excerpt":{"rendered":"<p>Dialogamos con Carlos Regazzoni, sanitarista y politico: \u00abHay que revisar en salud como salimos de esta situacion\u00bb. Adem\u00e1s, hablamos con Juan Manuel Vald\u00e9s, legislador porte\u00f1o de UxP: \u00abEl Pro parece un grupo tributo\u00a0de\u00a0LLA\u00bb.<\/p>\n","protected":false},"author":3,"featured_media":10715,"comment_status":"open","ping_status":"open","sticky":false,"template":"","format":"standard","meta":{"footnotes":""},"categories":[163,43],"tags":[164],"class_list":["post-10714","post","type-post","status-publish","format-standard","has-post-thumbnail","hentry","category-noticias-urbanas","category-programas","tag-noticias-urbanas","have-post-thumb"],"_links":{"self":[{"href":"https:\/\/fmradiocristal.com.ar\/home-1\/wp-json\/wp\/v2\/posts\/10714","targetHints":{"allow":["GET"]}}],"collection":[{"href":"https:\/\/fmradiocristal.com.ar\/home-1\/wp-json\/wp\/v2\/posts"}],"about":[{"href":"https:\/\/fmradiocristal.com.ar\/home-1\/wp-json\/wp\/v2\/types\/post"}],"author":[{"embeddable":true,"href":"https:\/\/fmradiocristal.com.ar\/home-1\/wp-json\/wp\/v2\/users\/3"}],"replies":[{"embeddable":true,"href":"https:\/\/fmradiocristal.com.ar\/home-1\/wp-json\/wp\/v2\/comments?post=10714"}],"version-history":[{"count":1,"href":"https:\/\/fmradiocristal.com.ar\/home-1\/wp-json\/wp\/v2\/posts\/10714\/revisions"}],"predecessor-version":[{"id":10716,"href":"https:\/\/fmradiocristal.com.ar\/home-1\/wp-json\/wp\/v2\/posts\/10714\/revisions\/10716"}],"wp:featuredmedia":[{"embeddable":true,"href":"https:\/\/fmradiocristal.com.ar\/home-1\/wp-json\/wp\/v2\/media\/10715"}],"wp:attachment":[{"href":"https:\/\/fmradiocristal.com.ar\/home-1\/wp-json\/wp\/v2\/media?parent=10714"}],"wp:term":[{"taxonomy":"category","embeddable":true,"href":"https:\/\/fmradiocristal.com.ar\/home-1\/wp-json\/wp\/v2\/categories?post=10714"},{"taxonomy":"post_tag","embeddable":true,"href":"https:\/\/fmradiocristal.com.ar\/home-1\/wp-json\/wp\/v2\/tags?post=10714"}],"curies":[{"name":"wp","href":"https:\/\/api.w.org\/{rel}","templated":true}]}}