{"id":10754,"date":"2024-11-01T11:10:01","date_gmt":"2024-11-01T14:10:01","guid":{"rendered":"https:\/\/fmradiocristal.com.ar\/home-1\/?p=10754"},"modified":"2024-11-03T11:10:40","modified_gmt":"2024-11-03T14:10:40","slug":"confesiones-de-una-mascara-24","status":"publish","type":"post","link":"https:\/\/fmradiocristal.com.ar\/home-1\/confesiones-de-una-mascara-24\/","title":{"rendered":"Confesiones de una m\u00e1scara"},"content":{"rendered":"<p>Dialogamos con el periodista, docente y escritor, V\u00edctor Mart\u00ednez sobre el lanzamiento de su nuevo libro: \u00abPeronismo\u00a0en\u00a0el\u00a0SXXI\u00bb.<\/p>\n<p><iframe title=\"Confesiones de una m\u00e1scara - Programa Completo (1\/11\/2024)\" width=\"1200\" height=\"675\" src=\"https:\/\/www.youtube.com\/embed\/u_X4EDlDxfs?feature=oembed\" frameborder=\"0\" allow=\"accelerometer; autoplay; clipboard-write; encrypted-media; gyroscope; picture-in-picture; web-share\" referrerpolicy=\"strict-origin-when-cross-origin\" allowfullscreen><\/iframe><\/p>\n","protected":false},"excerpt":{"rendered":"<p>Dialogamos con el periodista, docente y escritor, V\u00edctor Mart\u00ednez sobre el lanzamiento de su nuevo libro: \u00abPeronismo\u00a0en\u00a0el\u00a0SXXI\u00bb.<\/p>\n","protected":false},"author":3,"featured_media":10755,"comment_status":"open","ping_status":"open","sticky":false,"template":"","format":"standard","meta":{"footnotes":""},"categories":[112,43],"tags":[113],"class_list":["post-10754","post","type-post","status-publish","format-standard","has-post-thumbnail","hentry","category-confesiones-de-una-mascara","category-programas","tag-confesiones-de-una-mascara","have-post-thumb"],"_links":{"self":[{"href":"https:\/\/fmradiocristal.com.ar\/home-1\/wp-json\/wp\/v2\/posts\/10754","targetHints":{"allow":["GET"]}}],"collection":[{"href":"https:\/\/fmradiocristal.com.ar\/home-1\/wp-json\/wp\/v2\/posts"}],"about":[{"href":"https:\/\/fmradiocristal.com.ar\/home-1\/wp-json\/wp\/v2\/types\/post"}],"author":[{"embeddable":true,"href":"https:\/\/fmradiocristal.com.ar\/home-1\/wp-json\/wp\/v2\/users\/3"}],"replies":[{"embeddable":true,"href":"https:\/\/fmradiocristal.com.ar\/home-1\/wp-json\/wp\/v2\/comments?post=10754"}],"version-history":[{"count":1,"href":"https:\/\/fmradiocristal.com.ar\/home-1\/wp-json\/wp\/v2\/posts\/10754\/revisions"}],"predecessor-version":[{"id":10756,"href":"https:\/\/fmradiocristal.com.ar\/home-1\/wp-json\/wp\/v2\/posts\/10754\/revisions\/10756"}],"wp:featuredmedia":[{"embeddable":true,"href":"https:\/\/fmradiocristal.com.ar\/home-1\/wp-json\/wp\/v2\/media\/10755"}],"wp:attachment":[{"href":"https:\/\/fmradiocristal.com.ar\/home-1\/wp-json\/wp\/v2\/media?parent=10754"}],"wp:term":[{"taxonomy":"category","embeddable":true,"href":"https:\/\/fmradiocristal.com.ar\/home-1\/wp-json\/wp\/v2\/categories?post=10754"},{"taxonomy":"post_tag","embeddable":true,"href":"https:\/\/fmradiocristal.com.ar\/home-1\/wp-json\/wp\/v2\/tags?post=10754"}],"curies":[{"name":"wp","href":"https:\/\/api.w.org\/{rel}","templated":true}]}}